{"id":25955,"date":"2021-06-04T15:06:06","date_gmt":"2021-06-04T13:06:06","guid":{"rendered":"http:\/\/www.psib-psoe.org\/mallorca\/?p=25955"},"modified":"2021-06-04T15:06:06","modified_gmt":"2021-06-04T13:06:06","slug":"el-psib-psoe-de-maria-de-la-salut-sollicita-al-ple-el-compromis-diniciar-enguany-les-obres-dextensio-de-xarxa-daigues-residuals-al-carrer-es-pujolet","status":"publish","type":"post","link":"https:\/\/www.psib-psoe.org\/mallorca\/el-psib-psoe-de-maria-de-la-salut-sollicita-al-ple-el-compromis-diniciar-enguany-les-obres-dextensio-de-xarxa-daigues-residuals-al-carrer-es-pujolet\/","title":{"rendered":"El PSIB-PSOE de Maria de la Salut sol\u00b7licita al Ple el comprom\u00eds d\u2019iniciar enguany les obres d\u2019extensi\u00f3 de xarxa d\u2019aig\u00fces residuals al carrer Es Pujolet"},"content":{"rendered":"<div class=\"wpb-content-wrapper\">[vc_row][vc_column][vc_single_image image=&#8221;24536&#8243; img_size=&#8221;full&#8221; alignment=&#8221;center&#8221;][\/vc_column][\/vc_row][vc_row][vc_column][vc_column_text]<i><u><span lang=\"CA\">Rafel Aulet, portaveu del grup municipal socialista, recorda que la Mancomunitat del Pla assumeix pr\u00e0cticament la totalitat del cost del projecte i que la inversi\u00f3 municipal \u00e9s m\u00ednima<\/span><\/u><\/i>[\/vc_column_text][\/vc_column][\/vc_row][vc_row][vc_column width=&#8221;1\/2&#8243;][vc_column_text]Els Socialistes de Maria de la Salut volen que l\u2019Ajuntament assumeixi el comprom\u00eds d\u2019iniciar enguany el projecte d\u2019extensi\u00f3 de la xarxa d\u2019aig\u00fces residuals al carrer Es Pujolet, una reivindicaci\u00f3 hist\u00f2rica dels ve\u00efns i ve\u00efnes del municipi.<\/p>\n<p>Rafel Aulet, portaveu del grup municipal socialista, aclareix que la Mancomunitat del Pla, mitjan\u00e7ant un conveni de col\u00b7laboraci\u00f3 amb l\u2019Ajuntament, injectar\u00e0 una partida de m\u00e9s de 79 mil euros per al desenvolupament d\u2019aquest projecte.<\/p>\n<p>El consistori ha d\u2019assumir el proc\u00e9s de licitaci\u00f3 i els costos de la direcci\u00f3 d\u2019obres que, els socialistes de Maria calculen no superar\u00e0 els 4.000 euros, i per tant, exigiran al pr\u00f2xim Ple que l\u2019equip de govern garanteixi l\u2019execuci\u00f3 de les obres durant 2021.<\/p>\n<p>\u201cL&#8217;equip de govern ha manifestat en el plenari passat i en un debat de portaveus recent que no t\u00e9 intenci\u00f3 d&#8217;executar les obres enguany al\u00b7legant que no tenen partida pressupost\u00e0ria per afrontar-ho&#8230; Estem segurs que l\u2019Ajuntament pot assumir aquesta quantitat sense problema perqu\u00e8 ens consta que s\u00ed que hi ha doblers per a altres despeses menys rellevants\u201d, explica.[\/vc_column_text][\/vc_column][vc_column width=&#8221;1\/2&#8243;][vc_column_text]Aulet declara que els socialistes defensaran, a m\u00e9s a m\u00e9s, uns terminis adequats per a l\u2019execuci\u00f3 de les obres.<\/p>\n<p>\u201cVolem que l\u2019equip de govern es comprometi a licitar les obres en un termini m\u00e0xim de tres mesos des de la signatura del conveni amb la Mancomunitat del Pla i que l\u2019execuci\u00f3 de les mateixes no superi els dos mesos, tenint en compte que la redacci\u00f3 del projecte contempla un termini d\u2019execuci\u00f3 de quatre setmanes\u201d, expressa el portaveu.<\/p>\n<p>Rafel Aulet recorda que durant el passat plenari, el grup socialista va rebutjar la signatura del conveni amb la Mancomunitat del Pla proposat per l\u2019Ajuntament \u201cja que tenia defectes de forma i entre altres q\u00fcestions, no reflectia les despeses de direcci\u00f3 d\u2019obra necess\u00e0ries per a poder validar el projecte complet\u201d.<\/p>\n<p>Aulet espera que aquests defectes de forma hagin estat esmenats i que les obres es puguin iniciar aviat.[\/vc_column_text][\/vc_column][\/vc_row][vc_row disable_element=&#8221;yes&#8221;][vc_column][vc_empty_space height=&#8221;50px&#8221;][vc_column_text]\n<h3 style=\"color: #e30613;\"><span class=\"bold\">Recursos addicionals<\/span><\/h3>\n[\/vc_column_text][vc_separator color=&#8221;custom&#8221; align=&#8221;align_left&#8221; border_width=&#8221;3&#8243; el_width=&#8221;10&#8243; accent_color=&#8221;#e30613&#8243;][vc_empty_space height=&#8221;50px&#8221;][vc_column_text]\n<ul>\n<li><a href=\"http:\/\/www.psib-psoe.org\/wp-content\/uploads\/20200127_JJPP-ARMENGOL.mp3\" target=\"_blank\" rel=\"noopener noreferrer\">\u00c0udio<\/a><\/li>\n<li><a href=\"http:\/\/www.psib-psoe.org\/wp-content\/uploads\/Senadors-IB-i-Can\u00e0ries.jpg\" target=\"_blank\" rel=\"noopener noreferrer\">Foto<\/a><\/li>\n<li><a href=\"http:\/\/www.psib-psoe.org\/wp-content\/uploads\/Susanna-Moll-1.pdf\" target=\"_blank\" rel=\"noopener noreferrer\">Proposici\u00f3 No de Llei<\/a><\/li>\n<\/ul>\n[\/vc_column_text][vc_empty_space height=&#8221;50px&#8221;][\/vc_column][\/vc_row]\n<\/div>","protected":false},"excerpt":{"rendered":"<p>[vc_row][vc_column][vc_single_image image=&#8221;24536&#8243; img_size=&#8221;full&#8221; alignment=&#8221;center&#8221;][\/vc_column][\/vc_row][vc_row][vc_column][vc_column_text]Rafel Aulet, portaveu del grup municipal socialista, recorda que la Mancomunitat del Pla assumeix pr\u00e0cticament la totalitat del cost del projecte i que la inversi\u00f3 municipal \u00e9s m\u00ednima[\/vc_column_text][\/vc_column][\/vc_row][vc_row][vc_column width=&#8221;1\/2&#8243;][vc_column_text]Els Socialistes de Maria de la Salut volen que l\u2019Ajuntament assumeixi el comprom\u00eds d\u2019iniciar enguany el projecte d\u2019extensi\u00f3 de la xarxa d\u2019aig\u00fces residuals al&hellip;<\/p>\n","protected":false},"author":6,"featured_media":0,"comment_status":"open","ping_status":"open","sticky":false,"template":"","format":"standard","meta":{"footnotes":""},"categories":[2,90,92],"tags":[],"class_list":["post-25955","post","type-post","status-publish","format-standard","hentry","category-federacio-de-mallorca","category-municipis","category-portada"],"_links":{"self":[{"href":"https:\/\/www.psib-psoe.org\/mallorca\/wp-json\/wp\/v2\/posts\/25955"}],"collection":[{"href":"https:\/\/www.psib-psoe.org\/mallorca\/wp-json\/wp\/v2\/posts"}],"about":[{"href":"https:\/\/www.psib-psoe.org\/mallorca\/wp-json\/wp\/v2\/types\/post"}],"author":[{"embeddable":true,"href":"https:\/\/www.psib-psoe.org\/mallorca\/wp-json\/wp\/v2\/users\/6"}],"replies":[{"embeddable":true,"href":"https:\/\/www.psib-psoe.org\/mallorca\/wp-json\/wp\/v2\/comments?post=25955"}],"version-history":[{"count":0,"href":"https:\/\/www.psib-psoe.org\/mallorca\/wp-json\/wp\/v2\/posts\/25955\/revisions"}],"wp:attachment":[{"href":"https:\/\/www.psib-psoe.org\/mallorca\/wp-json\/wp\/v2\/media?parent=25955"}],"wp:term":[{"taxonomy":"category","embeddable":true,"href":"https:\/\/www.psib-psoe.org\/mallorca\/wp-json\/wp\/v2\/categories?post=25955"},{"taxonomy":"post_tag","embeddable":true,"href":"https:\/\/www.psib-psoe.org\/mallorca\/wp-json\/wp\/v2\/tags?post=25955"}],"curies":[{"name":"wp","href":"https:\/\/api.w.org\/{rel}","templated":true}]}}