{"id":25961,"date":"2021-06-07T12:46:27","date_gmt":"2021-06-07T10:46:27","guid":{"rendered":"http:\/\/www.psib-psoe.org\/mallorca\/?p=25961"},"modified":"2021-06-07T12:46:27","modified_gmt":"2021-06-07T10:46:27","slug":"els-socialistes-de-felanitx-denuncien-la-inaccio-de-lajuntament-davant-el-greu-problema-de-mobilitat-que-te-el-municipi","status":"publish","type":"post","link":"https:\/\/www.psib-psoe.org\/mallorca\/els-socialistes-de-felanitx-denuncien-la-inaccio-de-lajuntament-davant-el-greu-problema-de-mobilitat-que-te-el-municipi\/","title":{"rendered":"Els socialistes de Felanitx denuncien la inacci\u00f3 de l\u2019Ajuntament davant el greu problema de mobilitat que t\u00e9 el municipi"},"content":{"rendered":"<div class=\"wpb-content-wrapper\">[vc_row][vc_column][vc_single_image image=&#8221;25962&#8243; img_size=&#8221;full&#8221; alignment=&#8221;center&#8221;][\/vc_column][\/vc_row][vc_row][vc_column][vc_column_text]<i><u><span lang=\"CA\">Xisco Duarte, portaveu del PSIB-PSOE de Felanitx, denuncia que despr\u00e9s d\u2019un any i mig d\u2019anunciar la redacci\u00f3 d\u2019un pla de mobilitat no s\u2019ha fet res<\/span><\/u><\/i>[\/vc_column_text][\/vc_column][\/vc_row][vc_row][vc_column width=&#8221;1\/2&#8243;][vc_column_text]Els socialistes de Felanitx denuncien la inacci\u00f3 de l\u2019Ajuntament davant els greus problemes de mobilitat que t\u00e9 el municipi. Per a l\u2019Agrupaci\u00f3 socialista de Felanitx aquest \u00e9s \u201cun projecte prioritari per poder donar solucions a distintes zones amb mobilitat conflictiva dins el nucli\u201d.<\/p>\n<p>Xisco Duarte, portaveu del PSIB-PSOE de Felanitx, recorda que, arran de la pol\u00e8mica de les 100 multes que un mateix mat\u00ed es posaren als cotxes mal aparcats a determinats carrers estrets del municipi, \u201cel febrer de 2020, la regidora Melania Mesquida va anunciar a la premsa, que l&#8217;Ajuntament comen\u00e7ava a redactar un projecte de millora de l&#8217;ordenaci\u00f3 i la regulaci\u00f3 de la circulaci\u00f3 en tots els nuclis de Felanitx i que aquest tindria una prioritat absoluta per l\u2019equip de govern\u201d.<\/p>\n<p>\u201cMesquida va dir que es reuniria amb enginyers de camins especialitzats en mobilitat per a trobar una soluci\u00f3 a determinats carrers despr\u00e9s de la pol\u00e8mica sorgida\u201d, afegeix.<br \/>\n[\/vc_column_text][\/vc_column][vc_column width=&#8221;1\/2&#8243;][vc_column_text]Duarte explica que \u201cal darrer plenari, els socialistes demanarem com es trobava la redacci\u00f3 del projecte i la resposta va ser decebedora per part de la regidora Mesquida i de l\u2019actual regidor de mobilitat, que varen expressar que encara no havien tingut temps, que va arribar l\u2019estiu, despr\u00e9s el canvi de regidor de l\u2019\u00e0rea i que havia quedat aparcat aquest tema\u201d.<\/p>\n<p>El portaveu denuncia que \u201cdavant aquest desprop\u00f2sit i falta de comprom\u00eds del batle, queda demostrat que \u00e9s incapa\u00e7 de fer que els regidors compleixin amb els seus compromisos i facin feina, si no que tamb\u00e9 aturen projectes cabdals pel municipi. Amb tot aix\u00f2 es demostra la seva mancan\u00e7a de lideratge i de control de la feina del seu equip&#8221;.[\/vc_column_text][\/vc_column][\/vc_row][vc_row disable_element=&#8221;yes&#8221;][vc_column][vc_empty_space height=&#8221;50px&#8221;][vc_column_text]\n<h3 style=\"color: #e30613;\"><span class=\"bold\">Recursos addicionals<\/span><\/h3>\n[\/vc_column_text][vc_separator color=&#8221;custom&#8221; align=&#8221;align_left&#8221; border_width=&#8221;3&#8243; el_width=&#8221;10&#8243; accent_color=&#8221;#e30613&#8243;][vc_empty_space height=&#8221;50px&#8221;][vc_column_text]\n<ul>\n<li><a href=\"http:\/\/www.psib-psoe.org\/wp-content\/uploads\/20200127_JJPP-ARMENGOL.mp3\" target=\"_blank\" rel=\"noopener noreferrer\">\u00c0udio<\/a><\/li>\n<li><a href=\"http:\/\/www.psib-psoe.org\/wp-content\/uploads\/Senadors-IB-i-Can\u00e0ries.jpg\" target=\"_blank\" rel=\"noopener noreferrer\">Foto<\/a><\/li>\n<li><a href=\"http:\/\/www.psib-psoe.org\/wp-content\/uploads\/Susanna-Moll-1.pdf\" target=\"_blank\" rel=\"noopener noreferrer\">Proposici\u00f3 No de Llei<\/a><\/li>\n<\/ul>\n[\/vc_column_text][vc_empty_space height=&#8221;50px&#8221;][\/vc_column][\/vc_row]\n<\/div>","protected":false},"excerpt":{"rendered":"<p>[vc_row][vc_column][vc_single_image image=&#8221;25962&#8243; img_size=&#8221;full&#8221; alignment=&#8221;center&#8221;][\/vc_column][\/vc_row][vc_row][vc_column][vc_column_text]Xisco Duarte, portaveu del PSIB-PSOE de Felanitx, denuncia que despr\u00e9s d\u2019un any i mig d\u2019anunciar la redacci\u00f3 d\u2019un pla de mobilitat no s\u2019ha fet res[\/vc_column_text][\/vc_column][\/vc_row][vc_row][vc_column width=&#8221;1\/2&#8243;][vc_column_text]Els socialistes de Felanitx denuncien la inacci\u00f3 de l\u2019Ajuntament davant els greus problemes de mobilitat que t\u00e9 el municipi. Per a l\u2019Agrupaci\u00f3 socialista de Felanitx aquest \u00e9s&hellip;<\/p>\n","protected":false},"author":6,"featured_media":25962,"comment_status":"open","ping_status":"open","sticky":false,"template":"","format":"standard","meta":{"footnotes":""},"categories":[2,90,92],"tags":[],"class_list":["post-25961","post","type-post","status-publish","format-standard","has-post-thumbnail","hentry","category-federacio-de-mallorca","category-municipis","category-portada"],"_links":{"self":[{"href":"https:\/\/www.psib-psoe.org\/mallorca\/wp-json\/wp\/v2\/posts\/25961"}],"collection":[{"href":"https:\/\/www.psib-psoe.org\/mallorca\/wp-json\/wp\/v2\/posts"}],"about":[{"href":"https:\/\/www.psib-psoe.org\/mallorca\/wp-json\/wp\/v2\/types\/post"}],"author":[{"embeddable":true,"href":"https:\/\/www.psib-psoe.org\/mallorca\/wp-json\/wp\/v2\/users\/6"}],"replies":[{"embeddable":true,"href":"https:\/\/www.psib-psoe.org\/mallorca\/wp-json\/wp\/v2\/comments?post=25961"}],"version-history":[{"count":0,"href":"https:\/\/www.psib-psoe.org\/mallorca\/wp-json\/wp\/v2\/posts\/25961\/revisions"}],"wp:featuredmedia":[{"embeddable":true,"href":"https:\/\/www.psib-psoe.org\/mallorca\/wp-json\/wp\/v2\/media\/25962"}],"wp:attachment":[{"href":"https:\/\/www.psib-psoe.org\/mallorca\/wp-json\/wp\/v2\/media?parent=25961"}],"wp:term":[{"taxonomy":"category","embeddable":true,"href":"https:\/\/www.psib-psoe.org\/mallorca\/wp-json\/wp\/v2\/categories?post=25961"},{"taxonomy":"post_tag","embeddable":true,"href":"https:\/\/www.psib-psoe.org\/mallorca\/wp-json\/wp\/v2\/tags?post=25961"}],"curies":[{"name":"wp","href":"https:\/\/api.w.org\/{rel}","templated":true}]}}