{"id":25971,"date":"2021-06-11T14:39:58","date_gmt":"2021-06-11T12:39:58","guid":{"rendered":"http:\/\/www.psib-psoe.org\/mallorca\/?p=25971"},"modified":"2021-06-11T14:39:58","modified_gmt":"2021-06-11T12:39:58","slug":"el-psib-psoe-de-felanitx-demana-que-el-batle-jaume-monserrat-es-presenti-a-una-reeleccio-o-una-mocio-de-confianca-davant-la-illegitimitat-de-lequip-de-govern-actual","status":"publish","type":"post","link":"https:\/\/www.psib-psoe.org\/mallorca\/el-psib-psoe-de-felanitx-demana-que-el-batle-jaume-monserrat-es-presenti-a-una-reeleccio-o-una-mocio-de-confianca-davant-la-illegitimitat-de-lequip-de-govern-actual\/","title":{"rendered":"El PSIB-PSOE de Felanitx demana que el batle, Jaume Monserrat, es presenti a una reelecci\u00f3, o una moci\u00f3 de confian\u00e7a, davant la il\u00b7legitimitat de l\u2019equip de govern actual"},"content":{"rendered":"<div class=\"wpb-content-wrapper\">[vc_row][vc_column][vc_single_image image=&#8221;25972&#8243; img_size=&#8221;full&#8221; alignment=&#8221;center&#8221;][\/vc_column][\/vc_row][vc_row][vc_column][vc_column_text]<i><u><span lang=\"CA\">Coincidint amb la data en la qual Xisco Duarte havia d\u2019assumir la batlia en l\u2019Ajuntament de Felanitx, els socialistes fan balan\u00e7 de la gesti\u00f3 municipal i denuncien un mal \u00fas dels doblers p\u00fablics<\/span><\/u><\/i>[\/vc_column_text][\/vc_column][\/vc_row][vc_row][vc_column width=&#8221;1\/2&#8243;][vc_column_text]Coincidint amb la data en la qual Xisco Duarte, portaveu del PSIB-PSOE de Felanitx, havia d&#8217;assumir la batlia en l&#8217;Ajuntament de Felanitx (aquest dissabte 12 de juny) el grup municipal socialista fa balan\u00e7 de la gesti\u00f3 de l&#8217;actual equip de govern (El Pi i PP).<\/p>\n<p>Cal recordar que segons el pacte signat el 12 de juny de 2019 entre el PSIB-PSOE, Bloc i Pi, Duarte havia de ser el batle de Felanitx fins a final de legislatura &#8220;per\u00f2 la tra\u00efci\u00f3 d&#8217;un exsocialista, sumat a l&#8217;ambici\u00f3 de poder d&#8217;El Pi i del PP, va fer botar pels aires un pacte que funcionava&#8221;, denuncien.<\/p>\n<p>Els socialistes de Felanitx consideren que l&#8217;actual batle, Jaume Monserrat, &#8220;no ha complit amb el que v\u00e0rem a pactar; ni amb la seva paraula, ni amb el que va signar. Es va assegurar la cadira sumant al PP i a un regidor tr\u00e0nsfuga, convertint-se en un batle de dretes amb els vots robats de l&#8217;esquerra i per tant, en aquests moments est\u00e0 ocupant un lloc que no li correspon&#8221;, expressen.<\/p>\n<p>Per als socialistes de Felanitx, &#8220;tot aix\u00f2 posa en q\u00fcesti\u00f3 la legitimitat d&#8217;aquest pacte i demostra, una vegada m\u00e9s, la manera d&#8217;actuar de l&#8217;actual equip de govern i la facilitat amb la qual enganyen als felanitxers i felanitxeres&#8221;, expressen.<\/p>\n<p>Consideren que aquesta q\u00fcesti\u00f3 ja \u00e9s motiu suficient per a demanar la dimissi\u00f3 del batle. &#8220;Volem que es presenti a una reelecci\u00f3 o una moci\u00f3 de confian\u00e7a. Els i les socialistes de Felanitx volem poder expressar el nostre vot en contra, per no complir amb la condici\u00f3 per la qual fou elegit, per\u00f2 sabem que Monserrat es nega a donar la passa i deixar en mans del pacte actual la seva continu\u00eftat. El pacte PP-PI fa aig\u00fces, i el lideratge del batle \u00e9s totalment inexistent, ja que viu sotm\u00e8s a les directrius que marca el PP quant a la gesti\u00f3 pol\u00edtica municipal&#8221;.<\/p>\n<p>En aquest sentit, els socialistes Xisco Duarte, Gracia Gonz\u00e1lez i Dami Massut\u00ed, manifesten la seva disconformitat amb la gesti\u00f3 econ\u00f2mica de l&#8217;Ajuntament i consideren que hi ha tamb\u00e9 motius suficients per a demanar la dimissi\u00f3 del batle.<br \/>\n[\/vc_column_text][\/vc_column][vc_column width=&#8221;1\/2&#8243;][vc_column_text]&#8221;L&#8217;equip de govern s&#8217;ha menjat m\u00e9s de 4,5 M\u20ac de super\u00e0vit mitjan\u00e7ant modificacions de cr\u00e8dit sense que, a hores d&#8217;ara, la percepci\u00f3 de la ciutadania \u00e9s que a ning\u00fa li ha repercutit aquesta despesa milion\u00e0ria. I M\u00e9s ara, que despr\u00e9s de mesos de pand\u00e8mia, han canviat les necessitats i prioritats dels nostres ve\u00efns i ve\u00efnes&#8221;.<\/p>\n<p>Duarte, Gonz\u00e1lez i Massut\u00ed, incideixen que &#8220;la ciutadania no mereix uns gestors que prioritzen el clientelisme per damunt de les necessitats d&#8217;una crisi com l&#8217;actual. El super\u00e0vit fou alliberat per moure l&#8217;economia local i servir de plataforma perqu\u00e8 no quedes ning\u00fa enrere. Per\u00f2 aquesta darrera part sembla que no l&#8217;han practicada&#8221;, afegeixen.<\/p>\n<p>Els socialistes de Felanitx expliquen que 2020 va tancar amb un super\u00e0vit de 9,8 M\u202f\u20ac, &#8220;aquests estalvis permetien a l&#8217;Ajuntament afrontar la crisi derivada de la pand\u00e8mia amb fortalesa econ\u00f2mica, acompanyar a quins m\u00e9s ho necessiten, per\u00f2 han preferit buidar la caixa amb projectes no prioritaris a hores d&#8217;ara&#8221;.<\/p>\n<p>A m\u00e9s a m\u00e9s, &#8220;el proper plenari portaran una nova modificaci\u00f3 de cr\u00e8dit que deixaran 5,4 M\u20ac disponibles, quantitat que no bastar\u00e0 per fer front a la indemnitzaci\u00f3 que han de fer als propietaris de la zona verda de s&#8217;Arenal de Portocolom i que avui dia se situa a 6,3 M\u20ac, ja que t\u00e9 un augment de 500 \u20ac diaris d&#8217;interessos&#8221;.<\/p>\n<p>Per tant, el PSIB-PSOE de Felanitx den\u00fancia que &#8220;ara mateix l&#8217;Ajuntament estaria en saldo negatiu, amb menys 900 mil\u202f\u20ac, la qual cosa suposa que sols en sis mesos que portam de 2021, el pacte PP-Pi no nom\u00e9s han deixat a l&#8217;Ajuntament eixut, sin\u00f3 que haurem d&#8217;endeutar-nos per fer front a la sent\u00e8ncia&#8221;.<\/p>\n<p>Per concloure, els socialistes es pregunten si l&#8217;equip de govern actual fa contes d&#8217;endeutar-se. &#8220;La seva gesti\u00f3 ha quedat malmesa, per\u00f2 qui ha quedat malmesa \u00e9s l&#8217;economia municipal que ha passat de tenir capacitat per fer front als reptes actuals i necessitats, a deixar deute, comprometent als futurs consistoris&#8221;, conclouen.[\/vc_column_text][\/vc_column][\/vc_row][vc_row disable_element=&#8221;yes&#8221;][vc_column][vc_empty_space height=&#8221;50px&#8221;][vc_column_text]\n<h3 style=\"color: #e30613;\"><span class=\"bold\">Recursos addicionals<\/span><\/h3>\n[\/vc_column_text][vc_separator color=&#8221;custom&#8221; align=&#8221;align_left&#8221; border_width=&#8221;3&#8243; el_width=&#8221;10&#8243; accent_color=&#8221;#e30613&#8243;][vc_empty_space height=&#8221;50px&#8221;][vc_column_text]\n<ul>\n<li><a href=\"http:\/\/www.psib-psoe.org\/wp-content\/uploads\/20200127_JJPP-ARMENGOL.mp3\" target=\"_blank\" rel=\"noopener noreferrer\">\u00c0udio<\/a><\/li>\n<li><a href=\"http:\/\/www.psib-psoe.org\/wp-content\/uploads\/Senadors-IB-i-Can\u00e0ries.jpg\" target=\"_blank\" rel=\"noopener noreferrer\">Foto<\/a><\/li>\n<li><a href=\"http:\/\/www.psib-psoe.org\/wp-content\/uploads\/Susanna-Moll-1.pdf\" target=\"_blank\" rel=\"noopener noreferrer\">Proposici\u00f3 No de Llei<\/a><\/li>\n<\/ul>\n[\/vc_column_text][vc_empty_space height=&#8221;50px&#8221;][\/vc_column][\/vc_row]\n<\/div>","protected":false},"excerpt":{"rendered":"<p>[vc_row][vc_column][vc_single_image image=&#8221;25972&#8243; img_size=&#8221;full&#8221; alignment=&#8221;center&#8221;][\/vc_column][\/vc_row][vc_row][vc_column][vc_column_text]Coincidint amb la data en la qual Xisco Duarte havia d\u2019assumir la batlia en l\u2019Ajuntament de Felanitx, els socialistes fan balan\u00e7 de la gesti\u00f3 municipal i denuncien un mal \u00fas dels doblers p\u00fablics[\/vc_column_text][\/vc_column][\/vc_row][vc_row][vc_column width=&#8221;1\/2&#8243;][vc_column_text]Coincidint amb la data en la qual Xisco Duarte, portaveu del PSIB-PSOE de Felanitx, havia d&#8217;assumir la batlia en&hellip;<\/p>\n","protected":false},"author":6,"featured_media":25972,"comment_status":"open","ping_status":"open","sticky":false,"template":"","format":"standard","meta":{"footnotes":""},"categories":[2,90,92],"tags":[],"class_list":["post-25971","post","type-post","status-publish","format-standard","has-post-thumbnail","hentry","category-federacio-de-mallorca","category-municipis","category-portada"],"_links":{"self":[{"href":"https:\/\/www.psib-psoe.org\/mallorca\/wp-json\/wp\/v2\/posts\/25971"}],"collection":[{"href":"https:\/\/www.psib-psoe.org\/mallorca\/wp-json\/wp\/v2\/posts"}],"about":[{"href":"https:\/\/www.psib-psoe.org\/mallorca\/wp-json\/wp\/v2\/types\/post"}],"author":[{"embeddable":true,"href":"https:\/\/www.psib-psoe.org\/mallorca\/wp-json\/wp\/v2\/users\/6"}],"replies":[{"embeddable":true,"href":"https:\/\/www.psib-psoe.org\/mallorca\/wp-json\/wp\/v2\/comments?post=25971"}],"version-history":[{"count":0,"href":"https:\/\/www.psib-psoe.org\/mallorca\/wp-json\/wp\/v2\/posts\/25971\/revisions"}],"wp:featuredmedia":[{"embeddable":true,"href":"https:\/\/www.psib-psoe.org\/mallorca\/wp-json\/wp\/v2\/media\/25972"}],"wp:attachment":[{"href":"https:\/\/www.psib-psoe.org\/mallorca\/wp-json\/wp\/v2\/media?parent=25971"}],"wp:term":[{"taxonomy":"category","embeddable":true,"href":"https:\/\/www.psib-psoe.org\/mallorca\/wp-json\/wp\/v2\/categories?post=25971"},{"taxonomy":"post_tag","embeddable":true,"href":"https:\/\/www.psib-psoe.org\/mallorca\/wp-json\/wp\/v2\/tags?post=25971"}],"curies":[{"name":"wp","href":"https:\/\/api.w.org\/{rel}","templated":true}]}}