{"id":25993,"date":"2021-06-22T13:46:03","date_gmt":"2021-06-22T11:46:03","guid":{"rendered":"http:\/\/www.psib-psoe.org\/mallorca\/?p=25993"},"modified":"2021-06-22T13:46:03","modified_gmt":"2021-06-22T11:46:03","slug":"el-psib-psoe-de-maria-de-la-salut-interposa-una-demanda-judicial-a-lajuntament-per-no-donar-resposta-a-les-seves-sollicituds-dinformacio","status":"publish","type":"post","link":"https:\/\/www.psib-psoe.org\/mallorca\/el-psib-psoe-de-maria-de-la-salut-interposa-una-demanda-judicial-a-lajuntament-per-no-donar-resposta-a-les-seves-sollicituds-dinformacio\/","title":{"rendered":"El PSIB-PSOE de Maria de la Salut interposa una demanda judicial a l\u2019Ajuntament per no donar resposta a les seves sol\u00b7licituds d\u2019informaci\u00f3"},"content":{"rendered":"<div class=\"wpb-content-wrapper\">[vc_row][vc_column][vc_single_image image=&#8221;23913&#8243; img_size=&#8221;full&#8221; alignment=&#8221;center&#8221;][\/vc_column][\/vc_row][vc_row][vc_column][vc_column_text]<i><u><span lang=\"CA\">Rafel Aulet, portaveu del grup municipal socialista, lamenta que \u201chem hagut d&#8217;acudir als jutjats perqu\u00e8 es compleixi amb l\u2019obligaci\u00f3 de transpar\u00e8ncia i amb el nostre dret de control al govern\u201d<\/span><\/u><\/i>[\/vc_column_text][\/vc_column][\/vc_row][vc_row][vc_column width=&#8221;1\/2&#8243;][vc_column_text]Els Socialistes de Maria de la Salut han interposat un recurs contenci\u00f3s administratiu contra l\u2019Ajuntament per no donar resposta a les demandes d\u2019informaci\u00f3 fetes des del passat mes de novembre.<\/p>\n<p>Al mes d\u2019abril, el grup municipal socialista ja va presentar un requeriment a l&#8217;Ajuntament exigint a l&#8217;equip de govern que don\u00e9s la informaci\u00f3 reclamada per part del grup municipal socialista, en compliment a la Llei 7\/1985 de 2 d&#8217;abril, Reguladora de les Bases de R\u00e8gim Local.<\/p>\n<p>El portaveu del grup municipal socialista, Rafel Aulet, denuncia que, des del passat mes de novembre, han formulat tota una s\u00e8rie de registres amb sol\u00b7licitud de documentaci\u00f3 o amb sol\u00b7licitud de resposta escrita que no han estat contestades. Per aix\u00f2, han acudit als Jutjats a interposar una demanda davant el silenci administratiu del consistori.<\/p>\n<p>&#8220;\u00c9s vergony\u00f3s que h\u00e0gim hagut d&#8217;acudir als jutjats perqu\u00e8 es compleixi amb el nostre dret i la nostra obligaci\u00f3 de control al govern municipal. M\u00e9s encara quan l&#8217;equip de govern actual va presentar una moci\u00f3 de censura al\u00b7legant falta de transpar\u00e8ncia als que govern\u00e0vem. I ara, no responen&#8221;, expressa Aulet.[\/vc_column_text][\/vc_column][vc_column width=&#8221;1\/2&#8243;][vc_column_text]&#8221;L&#8217;Ajuntament no ofereix la informaci\u00f3 que est\u00e0 obligat a donar, d\u2019aquesta manera menysprea els ve\u00efns i ve\u00efnes de la localitat als quals ha de rendir comptes de la seva gesti\u00f3 i, tamb\u00e9, als representants pol\u00edtics en l&#8217;oposici\u00f3 als quals ha de deixar exercir democr\u00e0ticament la funci\u00f3 de control&#8221;, afegeix.<\/p>\n<p>En concret, el PSIB-PSOE de Maria de la Salut espera informaci\u00f3 sobre vuit q\u00fcestions importants que afecten el municipi.<\/p>\n<p>Entre altres, hi ha requeriments d&#8217;informaci\u00f3 sobre expedients urban\u00edstics, sobre la relaci\u00f3 de subvencions concedides a l&#8217;Ajuntament per altres administracions des del juny del 2019, la relaci\u00f3 d&#8217;hores extres treballades i remunerades o compensades pel personal de l&#8217;Ajuntament durant 2020.<\/p>\n<p>D\u2019altra banda, hi ha les liquidacions per ocupaci\u00f3 de via p\u00fablica dels mesos de novembre, desembre, gener i febrer indicant concepte, interessat i quantia i, tamb\u00e9, les liquidacions per \u00fas d&#8217;instal\u00b7lacions esportives del mateix per\u00edode de temps.[\/vc_column_text][\/vc_column][\/vc_row][vc_row disable_element=&#8221;yes&#8221;][vc_column][vc_empty_space height=&#8221;50px&#8221;][vc_column_text]\n<h3 style=\"color: #e30613;\"><span class=\"bold\">Recursos addicionals<\/span><\/h3>\n[\/vc_column_text][vc_separator color=&#8221;custom&#8221; align=&#8221;align_left&#8221; border_width=&#8221;3&#8243; el_width=&#8221;10&#8243; accent_color=&#8221;#e30613&#8243;][vc_empty_space height=&#8221;50px&#8221;][vc_column_text]\n<ul>\n<li><a href=\"http:\/\/www.psib-psoe.org\/wp-content\/uploads\/20200127_JJPP-ARMENGOL.mp3\" target=\"_blank\" rel=\"noopener noreferrer\">\u00c0udio<\/a><\/li>\n<li><a href=\"http:\/\/www.psib-psoe.org\/wp-content\/uploads\/Senadors-IB-i-Can\u00e0ries.jpg\" target=\"_blank\" rel=\"noopener noreferrer\">Foto<\/a><\/li>\n<li><a href=\"http:\/\/www.psib-psoe.org\/wp-content\/uploads\/Susanna-Moll-1.pdf\" target=\"_blank\" rel=\"noopener noreferrer\">Proposici\u00f3 No de Llei<\/a><\/li>\n<\/ul>\n[\/vc_column_text][vc_empty_space height=&#8221;50px&#8221;][\/vc_column][\/vc_row]\n<\/div>","protected":false},"excerpt":{"rendered":"<p>[vc_row][vc_column][vc_single_image image=&#8221;23913&#8243; img_size=&#8221;full&#8221; alignment=&#8221;center&#8221;][\/vc_column][\/vc_row][vc_row][vc_column][vc_column_text]Rafel Aulet, portaveu del grup municipal socialista, lamenta que \u201chem hagut d&#8217;acudir als jutjats perqu\u00e8 es compleixi amb l\u2019obligaci\u00f3 de transpar\u00e8ncia i amb el nostre dret de control al govern\u201d[\/vc_column_text][\/vc_column][\/vc_row][vc_row][vc_column width=&#8221;1\/2&#8243;][vc_column_text]Els Socialistes de Maria de la Salut han interposat un recurs contenci\u00f3s administratiu contra l\u2019Ajuntament per no donar resposta a les demandes&hellip;<\/p>\n","protected":false},"author":6,"featured_media":23913,"comment_status":"open","ping_status":"open","sticky":false,"template":"","format":"standard","meta":{"footnotes":""},"categories":[2,90,92],"tags":[],"class_list":["post-25993","post","type-post","status-publish","format-standard","has-post-thumbnail","hentry","category-federacio-de-mallorca","category-municipis","category-portada"],"_links":{"self":[{"href":"https:\/\/www.psib-psoe.org\/mallorca\/wp-json\/wp\/v2\/posts\/25993"}],"collection":[{"href":"https:\/\/www.psib-psoe.org\/mallorca\/wp-json\/wp\/v2\/posts"}],"about":[{"href":"https:\/\/www.psib-psoe.org\/mallorca\/wp-json\/wp\/v2\/types\/post"}],"author":[{"embeddable":true,"href":"https:\/\/www.psib-psoe.org\/mallorca\/wp-json\/wp\/v2\/users\/6"}],"replies":[{"embeddable":true,"href":"https:\/\/www.psib-psoe.org\/mallorca\/wp-json\/wp\/v2\/comments?post=25993"}],"version-history":[{"count":0,"href":"https:\/\/www.psib-psoe.org\/mallorca\/wp-json\/wp\/v2\/posts\/25993\/revisions"}],"wp:featuredmedia":[{"embeddable":true,"href":"https:\/\/www.psib-psoe.org\/mallorca\/wp-json\/wp\/v2\/media\/23913"}],"wp:attachment":[{"href":"https:\/\/www.psib-psoe.org\/mallorca\/wp-json\/wp\/v2\/media?parent=25993"}],"wp:term":[{"taxonomy":"category","embeddable":true,"href":"https:\/\/www.psib-psoe.org\/mallorca\/wp-json\/wp\/v2\/categories?post=25993"},{"taxonomy":"post_tag","embeddable":true,"href":"https:\/\/www.psib-psoe.org\/mallorca\/wp-json\/wp\/v2\/tags?post=25993"}],"curies":[{"name":"wp","href":"https:\/\/api.w.org\/{rel}","templated":true}]}}