{"id":26018,"date":"2021-07-08T13:30:43","date_gmt":"2021-07-08T11:30:43","guid":{"rendered":"http:\/\/www.psib-psoe.org\/mallorca\/?p=26018"},"modified":"2021-07-08T13:30:43","modified_gmt":"2021-07-08T11:30:43","slug":"el-grup-socialista-del-consell-demana-a-tots-els-sindicats-que-se-sumin-a-lacord-estatal-assolit-per-a-reduir-la-temporalitat-a-les-administracions-publiques","status":"publish","type":"post","link":"https:\/\/www.psib-psoe.org\/mallorca\/el-grup-socialista-del-consell-demana-a-tots-els-sindicats-que-se-sumin-a-lacord-estatal-assolit-per-a-reduir-la-temporalitat-a-les-administracions-publiques\/","title":{"rendered":"El Grup Socialista del Consell demana a tots els sindicats que se sumin a l\u2019acord estatal assolit per a reduir la temporalitat a les administracions p\u00fabliques"},"content":{"rendered":"<div class=\"wpb-content-wrapper\">[vc_row][vc_column][vc_single_image image=&#8221;26019&#8243; img_size=&#8221;full&#8221; alignment=&#8221;center&#8221;][\/vc_column][\/vc_row][vc_row][vc_column][vc_column_text]<i><u><span lang=\"CA\">El portaveu del Grup Socialista del Consell de Mallorca, Andreu Alcover, valora positivament el Reial decret llei aprovat al Consell de Ministres per arribar a final de 2024 amb un m\u00e0xim del 8% de plantilla interina<\/span><\/u><\/i>[\/vc_column_text][\/vc_column][\/vc_row][vc_row][vc_column width=&#8221;1\/2&#8243;][vc_column_text]Andreu Alcover, portaveu del Grup Socialista del Consell de Mallorca, ha valorat avui, durant el Ple del Consell de Mallorca, el Reial decret llei aprovat pel Consell de Ministres per a reduir la temporalitat a les administracions p\u00fabliques.<\/p>\n<p>&#8220;Aquest acord ser\u00e0 molt benefici\u00f3s per al Consell de Mallorca, i en especial per a l&#8217;IMAS, on hi ha un alt grau de temporalitat, perqu\u00e8 facilitar\u00e0 que, abans que finalitzi 2024, bona part dels interins puguin ser funcionaris de carrera, garantint els principis de transpar\u00e8ncia, m\u00e8rit i capacitat, i es puguin estabilitzar aquests llocs de feina&#8221;, explica.<\/p>\n<p>Aix\u00ed mateix, el portaveu del Grup Socialista del Consell de Mallorca, ha fet una crida a tots els sindicats amb representaci\u00f3 en la[\/vc_column_text][\/vc_column][vc_column width=&#8221;1\/2&#8243;][vc_column_text]instituci\u00f3 insular &#8220;perqu\u00e8 se sumin a l&#8217;acord i negoci\u00efn les bases de les oposicions en aquesta administraci\u00f3 amb l&#8217;objectiu d&#8217;arribar a final de l&#8217;any 2024 amb el m\u00e0xim del 8% d&#8217;interinatge que s&#8217;ha fixat des del Govern de l&#8217;Estat&#8221;.<\/p>\n<p>Alcover incideix en la import\u00e0ncia de comptar amb administracions p\u00fabliques dimensionades adequadament respecte al nombre d&#8217;empleats p\u00fablics i respecte a l&#8217;estabilitat de les plantilles, i recorda que &#8220;el Partit Popular, a m\u00e9s d&#8217;acomiadar a cents d&#8217;empleats p\u00fablics en aquesta comunitat durant els seus governs de retallades, va deixar de convocar oposicions durant anys generant una situaci\u00f3 que afortunadament, des que les principals institucions s\u00f3n governades pel PSOE, s&#8217;est\u00e0 revertint&#8221;.[\/vc_column_text][\/vc_column][\/vc_row][vc_row disable_element=&#8221;yes&#8221;][vc_column][vc_empty_space height=&#8221;50px&#8221;][vc_column_text]\n<h3 style=\"color: #e30613;\"><span class=\"bold\">Recursos addicionals<\/span><\/h3>\n[\/vc_column_text][vc_separator color=&#8221;custom&#8221; align=&#8221;align_left&#8221; border_width=&#8221;3&#8243; el_width=&#8221;10&#8243; accent_color=&#8221;#e30613&#8243;][vc_empty_space height=&#8221;50px&#8221;][vc_column_text]\n<ul>\n<li><a href=\"http:\/\/www.psib-psoe.org\/wp-content\/uploads\/20200127_JJPP-ARMENGOL.mp3\" target=\"_blank\" rel=\"noopener noreferrer\">\u00c0udio<\/a><\/li>\n<li><a href=\"http:\/\/www.psib-psoe.org\/wp-content\/uploads\/Senadors-IB-i-Can\u00e0ries.jpg\" target=\"_blank\" rel=\"noopener noreferrer\">Foto<\/a><\/li>\n<li><a href=\"http:\/\/www.psib-psoe.org\/wp-content\/uploads\/Susanna-Moll-1.pdf\" target=\"_blank\" rel=\"noopener noreferrer\">Proposici\u00f3 No de Llei<\/a><\/li>\n<\/ul>\n[\/vc_column_text][vc_empty_space height=&#8221;50px&#8221;][\/vc_column][\/vc_row]\n<\/div>","protected":false},"excerpt":{"rendered":"<p>[vc_row][vc_column][vc_single_image image=&#8221;26019&#8243; img_size=&#8221;full&#8221; alignment=&#8221;center&#8221;][\/vc_column][\/vc_row][vc_row][vc_column][vc_column_text]El portaveu del Grup Socialista del Consell de Mallorca, Andreu Alcover, valora positivament el Reial decret llei aprovat al Consell de Ministres per arribar a final de 2024 amb un m\u00e0xim del 8% de plantilla interina[\/vc_column_text][\/vc_column][\/vc_row][vc_row][vc_column width=&#8221;1\/2&#8243;][vc_column_text]Andreu Alcover, portaveu del Grup Socialista del Consell de Mallorca, ha valorat avui, durant el Ple&hellip;<\/p>\n","protected":false},"author":6,"featured_media":26019,"comment_status":"open","ping_status":"open","sticky":false,"template":"","format":"standard","meta":{"footnotes":""},"categories":[89,92],"tags":[],"class_list":["post-26018","post","type-post","status-publish","format-standard","has-post-thumbnail","hentry","category-consell-de-mallorca","category-portada"],"_links":{"self":[{"href":"https:\/\/www.psib-psoe.org\/mallorca\/wp-json\/wp\/v2\/posts\/26018"}],"collection":[{"href":"https:\/\/www.psib-psoe.org\/mallorca\/wp-json\/wp\/v2\/posts"}],"about":[{"href":"https:\/\/www.psib-psoe.org\/mallorca\/wp-json\/wp\/v2\/types\/post"}],"author":[{"embeddable":true,"href":"https:\/\/www.psib-psoe.org\/mallorca\/wp-json\/wp\/v2\/users\/6"}],"replies":[{"embeddable":true,"href":"https:\/\/www.psib-psoe.org\/mallorca\/wp-json\/wp\/v2\/comments?post=26018"}],"version-history":[{"count":0,"href":"https:\/\/www.psib-psoe.org\/mallorca\/wp-json\/wp\/v2\/posts\/26018\/revisions"}],"wp:featuredmedia":[{"embeddable":true,"href":"https:\/\/www.psib-psoe.org\/mallorca\/wp-json\/wp\/v2\/media\/26019"}],"wp:attachment":[{"href":"https:\/\/www.psib-psoe.org\/mallorca\/wp-json\/wp\/v2\/media?parent=26018"}],"wp:term":[{"taxonomy":"category","embeddable":true,"href":"https:\/\/www.psib-psoe.org\/mallorca\/wp-json\/wp\/v2\/categories?post=26018"},{"taxonomy":"post_tag","embeddable":true,"href":"https:\/\/www.psib-psoe.org\/mallorca\/wp-json\/wp\/v2\/tags?post=26018"}],"curies":[{"name":"wp","href":"https:\/\/api.w.org\/{rel}","templated":true}]}}