{"id":26059,"date":"2021-08-12T10:48:35","date_gmt":"2021-08-12T08:48:35","guid":{"rendered":"http:\/\/www.psib-psoe.org\/mallorca\/?p=26059"},"modified":"2021-08-17T14:49:15","modified_gmt":"2021-08-17T12:49:15","slug":"els-socialistes-de-llucmajor-estrenen-seu-al-carrer-de-sa-fira","status":"publish","type":"post","link":"https:\/\/www.psib-psoe.org\/mallorca\/els-socialistes-de-llucmajor-estrenen-seu-al-carrer-de-sa-fira\/","title":{"rendered":"Els socialistes de Llucmajor estrenen seu al carrer de Sa Fira"},"content":{"rendered":"<div class=\"wpb-content-wrapper\">[vc_row][vc_column width=&#8221;1\/2&#8243;][vc_single_image image=&#8221;26060&#8243; img_size=&#8221;full&#8221; alignment=&#8221;center&#8221;][\/vc_column][vc_column width=&#8221;1\/2&#8243;][vc_single_image image=&#8221;26061&#8243; img_size=&#8221;full&#8221; alignment=&#8221;center&#8221;][\/vc_column][\/vc_row][vc_row][vc_column][vc_column_text]<em><u>L&#8217;Agrupaci\u00f3 Socialista s&#8217;acomiada de les depend\u00e8ncies de la pla\u00e7a d&#8217;Espanya despr\u00e9s de m\u00e9s de quaranta anys sent la seu del partit al municipi<\/u><\/em>[\/vc_column_text][\/vc_column][\/vc_row][vc_row][vc_column width=&#8221;1\/2&#8243;][vc_column_text]L&#8217;Agrupaci\u00f3 Socialista de Llucmajor canvia de seu. Despr\u00e9s de m\u00e9s de quatre d\u00e8cades ubicats a la pla\u00e7a d&#8217;Espanya, els socialistes estrenen noves depend\u00e8ncies al carrer de Sa Fira n\u00famero 20.<\/p>\n<p>El portaveu dels socialistes de Llucmajor, Gori Estarellas, expressa la satisfacci\u00f3 de l&#8217;agrupaci\u00f3 per poder estrenar una nova seu a peu de carrer, m\u00e9s moderna i m\u00e9s adequada per a dur a terme major nombre d&#8217;activitats.<\/p>\n<p>A la vegada, Estarellas declara que s&#8217;acomiaden amb molta tristesa &#8220;d&#8217;un lloc que ha viscut de primera m\u00e0 no tan sols la hist\u00f2ria democr\u00e0tica de Llucmajor sin\u00f3 tamb\u00e9 la hist\u00f2ria d&#8217;Espanya; on despr\u00e9s de quaranta anys d&#8217;activitat, s&#8217;han viscut vict\u00f2ries i[\/vc_column_text][\/vc_column][vc_column width=&#8221;1\/2&#8243;][vc_column_text]derrotes electorals; on vam sofrir amb nerviosisme i intranquil\u00b7litat un cop d&#8217;estat; on s&#8217;han debatut diversitat de postures i opinions&#8230;&#8221;.<\/p>\n<p>Al llarg d&#8217;aquests dies, l&#8217;agrupaci\u00f3 ultimar\u00e0 la mudan\u00e7a i, en unes setmanes ja estar\u00e0 operativa la nova seu, per a retornar al curs pol\u00edtic amb les noves depend\u00e8ncies enllestides.<\/p>\n<p>&#8220;Estrenem un espai a peu de carrer, molt confortable i llumin\u00f3s, que estar\u00e0 obert a tot el poble, on proposarem moltes activitats socials i culturals. Ser\u00e0 un espai viu, una \u00e0gora oberta a tota la gent de Llucmajor i voltants, una autentica &#8220;Casa del poble&#8221; des de la qual continuarem mantenint viu l&#8217;esperit progressista del municipi&#8221;, explica Estarellas.[\/vc_column_text][\/vc_column][\/vc_row]\n<\/div>","protected":false},"excerpt":{"rendered":"<p>[vc_row][vc_column width=&#8221;1\/2&#8243;][vc_single_image image=&#8221;26060&#8243; img_size=&#8221;full&#8221; alignment=&#8221;center&#8221;][\/vc_column][vc_column width=&#8221;1\/2&#8243;][vc_single_image image=&#8221;26061&#8243; img_size=&#8221;full&#8221; alignment=&#8221;center&#8221;][\/vc_column][\/vc_row][vc_row][vc_column][vc_column_text]L&#8217;Agrupaci\u00f3 Socialista s&#8217;acomiada de les depend\u00e8ncies de la pla\u00e7a d&#8217;Espanya despr\u00e9s de m\u00e9s de quaranta anys sent la seu del partit al municipi[\/vc_column_text][\/vc_column][\/vc_row][vc_row][vc_column width=&#8221;1\/2&#8243;][vc_column_text]L&#8217;Agrupaci\u00f3 Socialista de Llucmajor canvia de seu. Despr\u00e9s de m\u00e9s de quatre d\u00e8cades ubicats a la pla\u00e7a d&#8217;Espanya, els socialistes estrenen noves depend\u00e8ncies al&hellip;<\/p>\n","protected":false},"author":6,"featured_media":26060,"comment_status":"open","ping_status":"open","sticky":false,"template":"","format":"standard","meta":{"footnotes":""},"categories":[2,90,92],"tags":[],"class_list":["post-26059","post","type-post","status-publish","format-standard","has-post-thumbnail","hentry","category-federacio-de-mallorca","category-municipis","category-portada"],"_links":{"self":[{"href":"https:\/\/www.psib-psoe.org\/mallorca\/wp-json\/wp\/v2\/posts\/26059"}],"collection":[{"href":"https:\/\/www.psib-psoe.org\/mallorca\/wp-json\/wp\/v2\/posts"}],"about":[{"href":"https:\/\/www.psib-psoe.org\/mallorca\/wp-json\/wp\/v2\/types\/post"}],"author":[{"embeddable":true,"href":"https:\/\/www.psib-psoe.org\/mallorca\/wp-json\/wp\/v2\/users\/6"}],"replies":[{"embeddable":true,"href":"https:\/\/www.psib-psoe.org\/mallorca\/wp-json\/wp\/v2\/comments?post=26059"}],"version-history":[{"count":0,"href":"https:\/\/www.psib-psoe.org\/mallorca\/wp-json\/wp\/v2\/posts\/26059\/revisions"}],"wp:featuredmedia":[{"embeddable":true,"href":"https:\/\/www.psib-psoe.org\/mallorca\/wp-json\/wp\/v2\/media\/26060"}],"wp:attachment":[{"href":"https:\/\/www.psib-psoe.org\/mallorca\/wp-json\/wp\/v2\/media?parent=26059"}],"wp:term":[{"taxonomy":"category","embeddable":true,"href":"https:\/\/www.psib-psoe.org\/mallorca\/wp-json\/wp\/v2\/categories?post=26059"},{"taxonomy":"post_tag","embeddable":true,"href":"https:\/\/www.psib-psoe.org\/mallorca\/wp-json\/wp\/v2\/tags?post=26059"}],"curies":[{"name":"wp","href":"https:\/\/api.w.org\/{rel}","templated":true}]}}