{"id":26066,"date":"2021-08-17T11:54:47","date_gmt":"2021-08-17T09:54:47","guid":{"rendered":"http:\/\/www.psib-psoe.org\/mallorca\/?p=26066"},"modified":"2023-03-06T11:06:23","modified_gmt":"2023-03-06T09:06:23","slug":"els-socialistes-de-mallorca-exigim-a-asi-que-retiri-els-comentaris-antifeministes-i-demanam-al-batle-de-llucmajor-que-ho-condemni-2","status":"publish","type":"post","link":"https:\/\/www.psib-psoe.org\/mallorca\/els-socialistes-de-mallorca-exigim-a-asi-que-retiri-els-comentaris-antifeministes-i-demanam-al-batle-de-llucmajor-que-ho-condemni-2\/","title":{"rendered":"Els Socialistes de Mallorca exigim a ASI que retiri els comentaris antifeministes i demanam al batle de Llucmajor que ho condemni"},"content":{"rendered":"<div class=\"wpb-content-wrapper\">[vc_row][vc_column][vc_single_image image=&#8221;26065&#8243; img_size=&#8221;full&#8221; alignment=&#8221;center&#8221;][\/vc_column][\/vc_row][vc_row][vc_column][vc_column_text]<i><u><span lang=\"CA\">L\u2019Agrupaci\u00f3 Socialista de Llucmajor adverteix que prendran mesures en un futur si no es retira el comentari que \u2018convida a les feministes a anar a Afganistan\u2019, banalitzant aix\u00ed una trag\u00e8dia humanit\u00e0ria<\/span><\/u><\/i>[\/vc_column_text][\/vc_column][\/vc_row][vc_row][vc_column width=&#8221;1\/2&#8243;][vc_column_text]Els Socialistes de Mallorca condemnen el comentari publicat a les xarxes socials del partit d\u2019ultradreta ASI en qu\u00e8 s\u2019ofereix noves places per treballar en l\u2019ambaixada d\u2019Espanya a Afganistan i en la qual es convida a les feministes a anar-hi perqu\u00e8 segons l\u2019agrupaci\u00f3 \u201cest\u00e0 ben remunerat i fan falta dones al pa\u00eds\u201d.<\/p>\n<p>Des de la Federaci\u00f3 Socialista de Mallorca exigim a ASI que retiri el comentari antifeminista a les xarxes socials, ja que banalitza una trag\u00e8dia humanit\u00e0ria. A m\u00e9s a m\u00e9s, demanam al portaveu del Partit Popular i batle de Llucmajor, \u00c9ric Jare\u00f1o, que condemni aquest comportament dels seus socis de govern, doni explicacions p\u00fablicament i es desmarqui de la pol\u00edtica barroera de la ultradreta.<\/p>\n<p>No obstant aix\u00f2, si no rebem resposta del Partit Popular de Llumajor aclarint els fets i rectificant el comentari dels seus socis de govern, significar\u00e0 la indifer\u00e8ncia tant d\u2019ASI[\/vc_column_text][\/vc_column][vc_column width=&#8221;1\/2&#8243;][vc_column_text]com del PP de la trag\u00e8dia humanit\u00e0ria de l\u2019Afganistan, aix\u00ed com les desigualtats i la viol\u00e8ncia que encara sofreixen les dones pel fet de ser dones.<\/p>\n<p>Tamb\u00e9, des de l\u2019Agrupaci\u00f3 Socialista de Llucmajor han advertit que prendran les mesures adients en un futur si no es retira el comentari antifeminista de les xarxes socials del grup pol\u00edtic ASI.<\/p>\n<p>Finalment, cal recordar que el Partit Popular de Llucmajor, representant per Eric Jare\u00f1o,\u00a0 ha estat presentat com un model a seguir pel PP de Marga Prohens. Els socialistes incidim que Jare\u00f1o va a arribat a la batlia gr\u00e0cies al suport de la ultradreta, essent el primer de les Illes Balears en mostrar que aquest tipus de pactes s\u00f3n els \u00fanics que pot plantejar-se el PP a Balears.[\/vc_column_text][\/vc_column][\/vc_row][vc_row disable_element=&#8221;yes&#8221;][vc_column][vc_empty_space height=&#8221;50px&#8221;][vc_column_text]\n<h3 style=\"color: #e30613;\"><span class=\"bold\">Recursos addicionals<\/span><\/h3>\n[\/vc_column_text][vc_separator color=&#8221;custom&#8221; align=&#8221;align_left&#8221; border_width=&#8221;3&#8243; el_width=&#8221;10&#8243; accent_color=&#8221;#e30613&#8243;][vc_empty_space height=&#8221;50px&#8221;][vc_column_text]\n<ul>\n<li><a href=\"http:\/\/www.psib-psoe.org\/wp-content\/uploads\/20200127_JJPP-ARMENGOL.mp3\" target=\"_blank\" rel=\"noopener noreferrer\">\u00c0udio<\/a><\/li>\n<li><a href=\"http:\/\/www.psib-psoe.org\/wp-content\/uploads\/Senadors-IB-i-Can\u00e0ries.jpg\" target=\"_blank\" rel=\"noopener noreferrer\">Foto<\/a><\/li>\n<li><a href=\"http:\/\/www.psib-psoe.org\/wp-content\/uploads\/Susanna-Moll-1.pdf\" target=\"_blank\" rel=\"noopener noreferrer\">Proposici\u00f3 No de Llei<\/a><\/li>\n<\/ul>\n[\/vc_column_text][vc_empty_space height=&#8221;50px&#8221;][\/vc_column][\/vc_row]\n<\/div>","protected":false},"excerpt":{"rendered":"<p>[vc_row][vc_column][vc_single_image image=&#8221;26065&#8243; img_size=&#8221;full&#8221; alignment=&#8221;center&#8221;][\/vc_column][\/vc_row][vc_row][vc_column][vc_column_text]L\u2019Agrupaci\u00f3 Socialista de Llucmajor adverteix que prendran mesures en un futur si no es retira el comentari que \u2018convida a les feministes a anar a Afganistan\u2019, banalitzant aix\u00ed una trag\u00e8dia humanit\u00e0ria[\/vc_column_text][\/vc_column][\/vc_row][vc_row][vc_column width=&#8221;1\/2&#8243;][vc_column_text]Els Socialistes de Mallorca condemnen el comentari publicat a les xarxes socials del partit d\u2019ultradreta ASI en qu\u00e8 s\u2019ofereix noves places&hellip;<\/p>\n","protected":false},"author":6,"featured_media":26065,"comment_status":"closed","ping_status":"open","sticky":false,"template":"","format":"standard","meta":{"footnotes":""},"categories":[2,90,92],"tags":[],"class_list":["post-26066","post","type-post","status-publish","format-standard","has-post-thumbnail","hentry","category-federacio-de-mallorca","category-municipis","category-portada"],"_links":{"self":[{"href":"https:\/\/www.psib-psoe.org\/mallorca\/wp-json\/wp\/v2\/posts\/26066"}],"collection":[{"href":"https:\/\/www.psib-psoe.org\/mallorca\/wp-json\/wp\/v2\/posts"}],"about":[{"href":"https:\/\/www.psib-psoe.org\/mallorca\/wp-json\/wp\/v2\/types\/post"}],"author":[{"embeddable":true,"href":"https:\/\/www.psib-psoe.org\/mallorca\/wp-json\/wp\/v2\/users\/6"}],"replies":[{"embeddable":true,"href":"https:\/\/www.psib-psoe.org\/mallorca\/wp-json\/wp\/v2\/comments?post=26066"}],"version-history":[{"count":0,"href":"https:\/\/www.psib-psoe.org\/mallorca\/wp-json\/wp\/v2\/posts\/26066\/revisions"}],"wp:featuredmedia":[{"embeddable":true,"href":"https:\/\/www.psib-psoe.org\/mallorca\/wp-json\/wp\/v2\/media\/26065"}],"wp:attachment":[{"href":"https:\/\/www.psib-psoe.org\/mallorca\/wp-json\/wp\/v2\/media?parent=26066"}],"wp:term":[{"taxonomy":"category","embeddable":true,"href":"https:\/\/www.psib-psoe.org\/mallorca\/wp-json\/wp\/v2\/categories?post=26066"},{"taxonomy":"post_tag","embeddable":true,"href":"https:\/\/www.psib-psoe.org\/mallorca\/wp-json\/wp\/v2\/tags?post=26066"}],"curies":[{"name":"wp","href":"https:\/\/api.w.org\/{rel}","templated":true}]}}