{"id":26079,"date":"2021-08-21T12:48:35","date_gmt":"2021-08-21T10:48:35","guid":{"rendered":"http:\/\/www.psib-psoe.org\/mallorca\/?p=26079"},"modified":"2021-08-21T12:48:35","modified_gmt":"2021-08-21T10:48:35","slug":"els-socialistes-de-felanitx-denuncien-que-nomes-un-7-dels-felanitxers-gaudiran-dunes-festes-que-suposen-mes-de-130-000%e2%80%afe-per-les-arques-municipals","status":"publish","type":"post","link":"https:\/\/www.psib-psoe.org\/mallorca\/els-socialistes-de-felanitx-denuncien-que-nomes-un-7-dels-felanitxers-gaudiran-dunes-festes-que-suposen-mes-de-130-000%e2%80%afe-per-les-arques-municipals\/","title":{"rendered":"Els Socialistes de Felanitx denuncien que nom\u00e9s un 7% dels felanitxers gaudiran d&#8217;unes festes que suposen m\u00e9s de 130.000\u202f\u20ac per les arques municipals"},"content":{"rendered":"<div class=\"wpb-content-wrapper\">[vc_row][vc_column][vc_single_image image=&#8221;26074&#8243; img_size=&#8221;full&#8221; alignment=&#8221;center&#8221;][\/vc_column][\/vc_row][vc_row][vc_column][vc_column_text]<em><u>L&#8217;agrupaci\u00f3 socialista denuncia una planificaci\u00f3 deficient de les festes de Sant Agust\u00ed &#8220;que no seran m\u00e9s segures i que discriminen el 93% dels felanitxers&#8221;<\/u><\/em>[\/vc_column_text][\/vc_column][\/vc_row][vc_row][vc_column width=&#8221;1\/2&#8243;][vc_column_text]Els socialistes de Felanitx denuncien la gesti\u00f3 realitzada per l&#8217;Ajuntament en les Festes de Sant Agust\u00ed. &#8220;El govern del Sr. Montserrat i la Sra. Soler ha organitzat unes festes a les quals nom\u00e9s un 7% dels felanitxers (1.200 persones) hi podran assistir, perqu\u00e8 les entrades s&#8217;han repartit per tot Mallorca i no s&#8217;ha establert cap mena de prioritat per als residents&#8221;.<\/p>\n<p>Com ja varen denunciar fa uns dies, l&#8217;Agrupaci\u00f3 socialista insisteix que &#8220;les entrades dels pocs privilegiats que hi assistiran s\u00f3n de franc pels assistents, per\u00f2 no per al poble, ja que l&#8217;Ajuntament abonar\u00e0 m\u00e9s de 130.000 euros per les diferents actuacions. Fins ara, el govern de l&#8217;Ajuntament de Felanitx no ha fet m\u00e9s que malbaratar els estalvis de les arques municipals, i \u00e9s possible que en acabar les festes la despesa sigui molt superior&#8221;, lamenten.<\/p>\n<p>Per altra banda, els socialistes de Felanitx assenyalen que &#8220;hi haur\u00e0 240 persones que, pagant entre 22 i 25 euros, tindran un lloc privilegiat a les festes assegudes a taula per sopar i en primera filera de les actuacions. Un fet molt d&#8217;acord amb el que ve essent la marca del Partit Popular&#8221;.<br \/>\n[\/vc_column_text][\/vc_column][vc_column width=&#8221;1\/2&#8243;][vc_column_text]Aix\u00ed mateix, l&#8217;Agrupaci\u00f3 socialista de Felanitx declara no entendre el criteri seguit per a fixar les restriccions durant les festes. &#8220;El batle ha fet un ban, copiant altres municipis, amb el qual prohibeix una quantitat ingent d&#8217;activitats que abans i despr\u00e9s de festes no s\u00f3n cap problema, com ara posar m\u00fasica als locals, vendre menjar i beure per endur-se&#8217;n i tancar l&#8217;hostaleria de 17 a 19.30 hores. Restriccions, amenaces i prohibicions, sense cap inversi\u00f3 en mat\u00e8ria de seguretat, formen el concepte de seguretat del govern municipal&#8221;, afegeixen.<\/p>\n<p>Per tot aix\u00f2, denuncien que &#8220;la planificaci\u00f3 d&#8217;aquestes festes ha estat totalment deficient, que no seran m\u00e9s segures i que discriminen el 93% dels felanitxers malgrat estar vaccinats. En definitiva, la gesti\u00f3 municipal \u00e9s una gran falta de respecte al poble de Felanitx&#8221;, conclouen.[\/vc_column_text][\/vc_column][\/vc_row]\n<\/div>","protected":false},"excerpt":{"rendered":"<p>[vc_row][vc_column][vc_single_image image=&#8221;26074&#8243; img_size=&#8221;full&#8221; alignment=&#8221;center&#8221;][\/vc_column][\/vc_row][vc_row][vc_column][vc_column_text]L&#8217;agrupaci\u00f3 socialista denuncia una planificaci\u00f3 deficient de les festes de Sant Agust\u00ed &#8220;que no seran m\u00e9s segures i que discriminen el 93% dels felanitxers&#8221;[\/vc_column_text][\/vc_column][\/vc_row][vc_row][vc_column width=&#8221;1\/2&#8243;][vc_column_text]Els socialistes de Felanitx denuncien la gesti\u00f3 realitzada per l&#8217;Ajuntament en les Festes de Sant Agust\u00ed. &#8220;El govern del Sr. Montserrat i la Sra. Soler ha organitzat unes&hellip;<\/p>\n","protected":false},"author":6,"featured_media":26074,"comment_status":"open","ping_status":"open","sticky":false,"template":"","format":"standard","meta":{"footnotes":""},"categories":[2,90,92],"tags":[],"class_list":["post-26079","post","type-post","status-publish","format-standard","has-post-thumbnail","hentry","category-federacio-de-mallorca","category-municipis","category-portada"],"_links":{"self":[{"href":"https:\/\/www.psib-psoe.org\/mallorca\/wp-json\/wp\/v2\/posts\/26079"}],"collection":[{"href":"https:\/\/www.psib-psoe.org\/mallorca\/wp-json\/wp\/v2\/posts"}],"about":[{"href":"https:\/\/www.psib-psoe.org\/mallorca\/wp-json\/wp\/v2\/types\/post"}],"author":[{"embeddable":true,"href":"https:\/\/www.psib-psoe.org\/mallorca\/wp-json\/wp\/v2\/users\/6"}],"replies":[{"embeddable":true,"href":"https:\/\/www.psib-psoe.org\/mallorca\/wp-json\/wp\/v2\/comments?post=26079"}],"version-history":[{"count":0,"href":"https:\/\/www.psib-psoe.org\/mallorca\/wp-json\/wp\/v2\/posts\/26079\/revisions"}],"wp:featuredmedia":[{"embeddable":true,"href":"https:\/\/www.psib-psoe.org\/mallorca\/wp-json\/wp\/v2\/media\/26074"}],"wp:attachment":[{"href":"https:\/\/www.psib-psoe.org\/mallorca\/wp-json\/wp\/v2\/media?parent=26079"}],"wp:term":[{"taxonomy":"category","embeddable":true,"href":"https:\/\/www.psib-psoe.org\/mallorca\/wp-json\/wp\/v2\/categories?post=26079"},{"taxonomy":"post_tag","embeddable":true,"href":"https:\/\/www.psib-psoe.org\/mallorca\/wp-json\/wp\/v2\/tags?post=26079"}],"curies":[{"name":"wp","href":"https:\/\/api.w.org\/{rel}","templated":true}]}}