{"id":26105,"date":"2021-09-14T16:55:04","date_gmt":"2021-09-14T14:55:04","guid":{"rendered":"http:\/\/www.psib-psoe.org\/mallorca\/?p=26105"},"modified":"2021-09-14T16:55:04","modified_gmt":"2021-09-14T14:55:04","slug":"els-socialistes-de-felanitx-demanen-una-intervencio-urgent-per-reparar-el-mur-posterior-del-cementeri-abans-de-tots-sants","status":"publish","type":"post","link":"https:\/\/www.psib-psoe.org\/mallorca\/els-socialistes-de-felanitx-demanen-una-intervencio-urgent-per-reparar-el-mur-posterior-del-cementeri-abans-de-tots-sants\/","title":{"rendered":"Els socialistes de Felanitx demanen una intervenci\u00f3 urgent per reparar el mur posterior del cementeri abans de Tots Sants"},"content":{"rendered":"<div class=\"wpb-content-wrapper\">[vc_row][vc_column][vc_single_image image=&#8221;25972&#8243; img_size=&#8221;full&#8221; alignment=&#8221;center&#8221;][\/vc_column][\/vc_row][vc_row][vc_column][vc_column_text]<i><u><span lang=\"CA\">El portaveu Xisco Duarte, explica que els danys estructurals s&#8217;han vist accentuats els darrers anys i afecten a tota l&#8217;\u00e0rea compresa entre les sepultures 248 i 256<\/span><\/u><\/i>[\/vc_column_text][\/vc_column][\/vc_row][vc_row][vc_column width=&#8221;1\/2&#8243;][vc_column_text]Els socialistes de Felanitx, poques setmanes abans de la celebraci\u00f3 del Dia de Tots Sants, demanen a l&#8217;equip de govern una soluci\u00f3 urgent a l&#8217;estat d&#8217;aband\u00f3 en el qual es troba la part posterior del cementiri municipal, concretament el mur perimetral de la part posterior i que afecta l&#8217;\u00e0rea compresa entre les sepultures 248 i 256.<\/p>\n<p>&#8220;Els danys estructurals que sofreix aquests murs de contenci\u00f3 s&#8217;han vist accentuats els darrers anys i es troben plens d&#8217;humitats, esquerdes en el ma\u00f3 i cornises amb p\u00e8rdua de material. Els arbustos i arbres creixen molt aviat, i si no es mantenen adequadament, les seves arrels fan molt mal a tota l&#8217;estructura, causant greus d&#8217;anys que posen en risc tant al recinte com als visitants&#8221;, explica Xisco Duarte, portaveu del PSIB-PSOE de Felanitx.<\/p>\n<p>Els socialistes de Felanitx volen remarcar l&#8217;extraordin\u00e0ria feina que realitzen els treballadors municipals en el manteniment i neteja de les instal\u00b7lacions.[\/vc_column_text][\/vc_column][vc_column width=&#8221;1\/2&#8243;][vc_column_text]&#8221;Gr\u00e0cies a ells, el cementiri de Felanitx \u00e9s un dels cinc millors cementiris d&#8217;Espanya. Per\u00f2, tot aix\u00f2 xoca amb la deixadesa que est\u00e0 demostrant el govern actual en la conservaci\u00f3 del recinte exterior i en reparar aquesta estructura, tan rellevant i especial&#8221;.<\/p>\n<p>Els socialistes de Felanitx denuncien que &#8220;no es poden donar excuses per a justificar aquesta situaci\u00f3 at\u00e8s que l&#8217;Ajuntament disposa de mitjans econ\u00f2mics necessaris per a evitar que aquest mur continu\u00ef deteriorant-se, posant en risc a tota l&#8217;estructura. L&#8217;\u00fanica cosa que fa falta \u00e9s gestionar adequadament els diners p\u00fablics, cosa que el regidor encarregat sembla incapa\u00e7 de fer amb l&#8217;efic\u00e0cia m\u00ednima exigible&#8221;.<\/p>\n<p>Per tot aix\u00f2, els socialistes demanen mesures urgents per condicionar la zona posterior del cementiri abans de l&#8217;1 de novembre.<br \/>\n[\/vc_column_text][\/vc_column][\/vc_row]\n<\/div>","protected":false},"excerpt":{"rendered":"<p>[vc_row][vc_column][vc_single_image image=&#8221;25972&#8243; img_size=&#8221;full&#8221; alignment=&#8221;center&#8221;][\/vc_column][\/vc_row][vc_row][vc_column][vc_column_text]El portaveu Xisco Duarte, explica que els danys estructurals s&#8217;han vist accentuats els darrers anys i afecten a tota l&#8217;\u00e0rea compresa entre les sepultures 248 i 256[\/vc_column_text][\/vc_column][\/vc_row][vc_row][vc_column width=&#8221;1\/2&#8243;][vc_column_text]Els socialistes de Felanitx, poques setmanes abans de la celebraci\u00f3 del Dia de Tots Sants, demanen a l&#8217;equip de govern una soluci\u00f3 urgent a l&#8217;estat&hellip;<\/p>\n","protected":false},"author":6,"featured_media":25972,"comment_status":"open","ping_status":"open","sticky":false,"template":"","format":"standard","meta":{"footnotes":""},"categories":[2,90,92],"tags":[],"class_list":["post-26105","post","type-post","status-publish","format-standard","has-post-thumbnail","hentry","category-federacio-de-mallorca","category-municipis","category-portada"],"_links":{"self":[{"href":"https:\/\/www.psib-psoe.org\/mallorca\/wp-json\/wp\/v2\/posts\/26105"}],"collection":[{"href":"https:\/\/www.psib-psoe.org\/mallorca\/wp-json\/wp\/v2\/posts"}],"about":[{"href":"https:\/\/www.psib-psoe.org\/mallorca\/wp-json\/wp\/v2\/types\/post"}],"author":[{"embeddable":true,"href":"https:\/\/www.psib-psoe.org\/mallorca\/wp-json\/wp\/v2\/users\/6"}],"replies":[{"embeddable":true,"href":"https:\/\/www.psib-psoe.org\/mallorca\/wp-json\/wp\/v2\/comments?post=26105"}],"version-history":[{"count":0,"href":"https:\/\/www.psib-psoe.org\/mallorca\/wp-json\/wp\/v2\/posts\/26105\/revisions"}],"wp:featuredmedia":[{"embeddable":true,"href":"https:\/\/www.psib-psoe.org\/mallorca\/wp-json\/wp\/v2\/media\/25972"}],"wp:attachment":[{"href":"https:\/\/www.psib-psoe.org\/mallorca\/wp-json\/wp\/v2\/media?parent=26105"}],"wp:term":[{"taxonomy":"category","embeddable":true,"href":"https:\/\/www.psib-psoe.org\/mallorca\/wp-json\/wp\/v2\/categories?post=26105"},{"taxonomy":"post_tag","embeddable":true,"href":"https:\/\/www.psib-psoe.org\/mallorca\/wp-json\/wp\/v2\/tags?post=26105"}],"curies":[{"name":"wp","href":"https:\/\/api.w.org\/{rel}","templated":true}]}}