{"id":26107,"date":"2021-09-16T11:18:12","date_gmt":"2021-09-16T09:18:12","guid":{"rendered":"http:\/\/www.psib-psoe.org\/mallorca\/?p=26107"},"modified":"2021-09-16T11:18:12","modified_gmt":"2021-09-16T09:18:12","slug":"els-socialistes-de-llucmajor-demanen-a-lajuntament-que-doni-solucions-a-les-treballadores-del-servei-datencio-domiciliaria-de-sarenal","status":"publish","type":"post","link":"https:\/\/www.psib-psoe.org\/mallorca\/els-socialistes-de-llucmajor-demanen-a-lajuntament-que-doni-solucions-a-les-treballadores-del-servei-datencio-domiciliaria-de-sarenal\/","title":{"rendered":"Els Socialistes de Llucmajor demanen a l\u2019Ajuntament que doni solucions a les treballadores del servei d\u2019Atenci\u00f3 Domiciliaria de s\u2019Arenal"},"content":{"rendered":"<div class=\"wpb-content-wrapper\">[vc_row][vc_column][vc_single_image image=&#8221;26108&#8243; img_size=&#8221;full&#8221; alignment=&#8221;center&#8221;][\/vc_column][\/vc_row][vc_row][vc_column][vc_column_text]<em><u>El consistori elimina aquest servei sense donar cap resposta a l\u2019empresa adjudicat\u00e0ria i al seu personal<\/u><\/em>[\/vc_column_text][\/vc_column][\/vc_row][vc_row][vc_column width=&#8221;1\/2&#8243;][vc_column_text]Els socialistes de Llucmajor denuncien que l\u2019Ajuntament eliminar\u00e0 el servei d\u2019ajuda a domicili de la zona de s\u2019Arenal, a partir de dem\u00e0 divendres 17 de setembre, sense donar cap sortida al personal.<\/p>\n<p>\u201cNi el regidor de Serveis Socials, Gabriel Rojo, ni el batle Eric Jare\u00f1o responen les sol\u00b7licituds de reuni\u00f3 amb l\u2019empresa adjudicat\u00e0ria[\/vc_column_text][\/vc_column][vc_column width=&#8221;1\/2&#8243;][vc_column_text]per intentar trobar una soluci\u00f3\u201d, lamenten des de l\u2019agrupaci\u00f3.<\/p>\n<p>\u201cEl futur de les treballadores es veu abocat a passar a l\u2019atur ja que l\u2019Ajuntament no pret\u00e9n assumir-les com a personal del servei en q\u00fcesti\u00f3. Des de l\u2019Agrupaci\u00f3 Socialista de Llucmajor exigim una soluci\u00f3 urgent per a aquestes treballadores\u201d, assenyalen.[\/vc_column_text][\/vc_column][\/vc_row]\n<\/div>","protected":false},"excerpt":{"rendered":"<p>[vc_row][vc_column][vc_single_image image=&#8221;26108&#8243; img_size=&#8221;full&#8221; alignment=&#8221;center&#8221;][\/vc_column][\/vc_row][vc_row][vc_column][vc_column_text]El consistori elimina aquest servei sense donar cap resposta a l\u2019empresa adjudicat\u00e0ria i al seu personal[\/vc_column_text][\/vc_column][\/vc_row][vc_row][vc_column width=&#8221;1\/2&#8243;][vc_column_text]Els socialistes de Llucmajor denuncien que l\u2019Ajuntament eliminar\u00e0 el servei d\u2019ajuda a domicili de la zona de s\u2019Arenal, a partir de dem\u00e0 divendres 17 de setembre, sense donar cap sortida al personal. \u201cNi el regidor de&hellip;<\/p>\n","protected":false},"author":6,"featured_media":26108,"comment_status":"open","ping_status":"open","sticky":false,"template":"","format":"standard","meta":{"footnotes":""},"categories":[2,90,92],"tags":[],"class_list":["post-26107","post","type-post","status-publish","format-standard","has-post-thumbnail","hentry","category-federacio-de-mallorca","category-municipis","category-portada"],"_links":{"self":[{"href":"https:\/\/www.psib-psoe.org\/mallorca\/wp-json\/wp\/v2\/posts\/26107"}],"collection":[{"href":"https:\/\/www.psib-psoe.org\/mallorca\/wp-json\/wp\/v2\/posts"}],"about":[{"href":"https:\/\/www.psib-psoe.org\/mallorca\/wp-json\/wp\/v2\/types\/post"}],"author":[{"embeddable":true,"href":"https:\/\/www.psib-psoe.org\/mallorca\/wp-json\/wp\/v2\/users\/6"}],"replies":[{"embeddable":true,"href":"https:\/\/www.psib-psoe.org\/mallorca\/wp-json\/wp\/v2\/comments?post=26107"}],"version-history":[{"count":0,"href":"https:\/\/www.psib-psoe.org\/mallorca\/wp-json\/wp\/v2\/posts\/26107\/revisions"}],"wp:featuredmedia":[{"embeddable":true,"href":"https:\/\/www.psib-psoe.org\/mallorca\/wp-json\/wp\/v2\/media\/26108"}],"wp:attachment":[{"href":"https:\/\/www.psib-psoe.org\/mallorca\/wp-json\/wp\/v2\/media?parent=26107"}],"wp:term":[{"taxonomy":"category","embeddable":true,"href":"https:\/\/www.psib-psoe.org\/mallorca\/wp-json\/wp\/v2\/categories?post=26107"},{"taxonomy":"post_tag","embeddable":true,"href":"https:\/\/www.psib-psoe.org\/mallorca\/wp-json\/wp\/v2\/tags?post=26107"}],"curies":[{"name":"wp","href":"https:\/\/api.w.org\/{rel}","templated":true}]}}