{"id":26119,"date":"2021-09-21T12:25:50","date_gmt":"2021-09-21T10:25:50","guid":{"rendered":"http:\/\/www.psib-psoe.org\/mallorca\/?p=26119"},"modified":"2021-09-21T12:25:50","modified_gmt":"2021-09-21T10:25:50","slug":"els-socialistes-de-felanitx-lamenten-que-lequip-de-govern-negui-reconeixer-la-feina-altruista-dels-voluntaris-de-proteccio-civil","status":"publish","type":"post","link":"https:\/\/www.psib-psoe.org\/mallorca\/els-socialistes-de-felanitx-lamenten-que-lequip-de-govern-negui-reconeixer-la-feina-altruista-dels-voluntaris-de-proteccio-civil\/","title":{"rendered":"Els Socialistes de Felanitx lamenten que l\u2019equip de govern negui recon\u00e8ixer la feina altruista dels voluntaris de Protecci\u00f3 Civil"},"content":{"rendered":"<div class=\"wpb-content-wrapper\">[vc_row][vc_column][vc_single_image image=&#8221;26120&#8243; img_size=&#8221;full&#8221; alignment=&#8221;center&#8221;][\/vc_column][\/vc_row][vc_row][vc_column][vc_column_text]<i><u><span lang=\"CA\">El grup municipal del PSIB-PSOE den\u00fancia que el batle Jaume Montserrat, els regidors del PP i el regidor tr\u00e0nsfuga rebutgen formalitzar un reconeixement institucional a l\u2019Agrupaci\u00f3 local, que nom\u00e9s enguany<\/span><\/u><\/i><span lang=\"CA\">\u00a0<\/span><i><u><span lang=\"CA\">ha realitzat m\u00e9s de 1.600 hores de servei<\/span><\/u><\/i>[\/vc_column_text][\/vc_column][\/vc_row][vc_row][vc_column width=&#8221;1\/2&#8243;][vc_column_text]Els socialistes de Felanitx lamenten que l&#8217;equip de govern no hagi volgut votar a favor de la seva proposici\u00f3 perqu\u00e8 l&#8217;Ajuntament de Felanitx reconegui de forma institucional la gran feina que fan tots els voluntaris i volunt\u00e0ries de Protecci\u00f3 Civil.<\/p>\n<p>&#8220;No entenem com han votat en contra d&#8217;aquesta iniciativa que nom\u00e9s pret\u00e9n formalitzar el reconeixement institucional i la felicitaci\u00f3 p\u00fablica a l&#8217;Agrupaci\u00f3 de Voluntaris de Protecci\u00f3 Civil i Emerg\u00e8ncies de Felanitx quant al servei p\u00fablic que presten a la ciutadania, tant en situacions quotidianes, com a les excepcionals sofrides recentment a conseq\u00fc\u00e8ncia de la pand\u00e8mia&#8221;, explica Xisco Duarte, portaveu del grup municipal socialista.<\/p>\n<p>&#8220;La nostra moci\u00f3, que ha estat rebutjada per l&#8217;equip de govern PP-Pi i el regidor tr\u00e0nsfuga, inclou tamb\u00e9 la proposta de realitzar un acte oficial de reconeixement a l&#8217;Agrupaci\u00f3 de Voluntaris de Protecci\u00f3 Civil, a una data pr\u00f2xima al Dia Internacional de la Protecci\u00f3 Civil, que se celebra dia 1 de mar\u00e7&#8221;, aclareix Duarte.<\/p>\n<p>Els Socialistes de Felanitx consideren que l&#8217;Agrupaci\u00f3 Local de Voluntaris de Protecci\u00f3 Civil de Felanitx mereix[\/vc_column_text][\/vc_column][vc_column width=&#8221;1\/2&#8243;][vc_column_text]un vertader reconeixement, ja que des de fa d\u00e8cades actua de manera desinteressada i solid\u00e0ria en benefici de les persones, b\u00e9ns i tamb\u00e9 del medi ambient, sempre al peu del can\u00f3 i amb un \u00fanic fi, la seguretat, la protecci\u00f3, la informaci\u00f3, i el benestar dels ve\u00efns i ve\u00efnes de Felanitx.<\/p>\n<p>&#8220;Tot aix\u00f2, gr\u00e0cies al comprom\u00eds i implicaci\u00f3 de voluntaris que han deixat de costat els seus treballs, aficions, i fins i tot a les seves fam\u00edlies per a fer aquest treball desinteressat, humanitari i al servei del ciutad\u00e0. I m\u00e9s aquests darrers mesos marcats per la pand\u00e8mia, en els que han fet, i fan, una labor enorme i impagable&#8221;, assenyala Duarte.<\/p>\n<p>Els socialistes de Felanitx volen fer valdre que nom\u00e9s enguany, els 18 voluntaris de l\u2019Agrupaci\u00f3 local han realitzat m\u00e9s de 1.600 hores de servei p\u00fablic \u201cuna feina incalculable que no suposa cap despesa pel consistori i que almenys mereix que el nostre Ajuntament i tots els ciutadans i ciutadanes del municipi els manifestem p\u00fablicament tot el nostre agra\u00efment. Esperam que siguin capa\u00e7os de rectificar, perqu\u00e8 quan rectifiquen encerten\u201d, conclou el portaveu.[\/vc_column_text][\/vc_column][\/vc_row]\n<\/div>","protected":false},"excerpt":{"rendered":"<p>[vc_row][vc_column][vc_single_image image=&#8221;26120&#8243; img_size=&#8221;full&#8221; alignment=&#8221;center&#8221;][\/vc_column][\/vc_row][vc_row][vc_column][vc_column_text]El grup municipal del PSIB-PSOE den\u00fancia que el batle Jaume Montserrat, els regidors del PP i el regidor tr\u00e0nsfuga rebutgen formalitzar un reconeixement institucional a l\u2019Agrupaci\u00f3 local, que nom\u00e9s enguany\u00a0ha realitzat m\u00e9s de 1.600 hores de servei[\/vc_column_text][\/vc_column][\/vc_row][vc_row][vc_column width=&#8221;1\/2&#8243;][vc_column_text]Els socialistes de Felanitx lamenten que l&#8217;equip de govern no hagi volgut votar a favor&hellip;<\/p>\n","protected":false},"author":6,"featured_media":26120,"comment_status":"open","ping_status":"open","sticky":false,"template":"","format":"standard","meta":{"footnotes":""},"categories":[2,90,92],"tags":[],"class_list":["post-26119","post","type-post","status-publish","format-standard","has-post-thumbnail","hentry","category-federacio-de-mallorca","category-municipis","category-portada"],"_links":{"self":[{"href":"https:\/\/www.psib-psoe.org\/mallorca\/wp-json\/wp\/v2\/posts\/26119"}],"collection":[{"href":"https:\/\/www.psib-psoe.org\/mallorca\/wp-json\/wp\/v2\/posts"}],"about":[{"href":"https:\/\/www.psib-psoe.org\/mallorca\/wp-json\/wp\/v2\/types\/post"}],"author":[{"embeddable":true,"href":"https:\/\/www.psib-psoe.org\/mallorca\/wp-json\/wp\/v2\/users\/6"}],"replies":[{"embeddable":true,"href":"https:\/\/www.psib-psoe.org\/mallorca\/wp-json\/wp\/v2\/comments?post=26119"}],"version-history":[{"count":0,"href":"https:\/\/www.psib-psoe.org\/mallorca\/wp-json\/wp\/v2\/posts\/26119\/revisions"}],"wp:featuredmedia":[{"embeddable":true,"href":"https:\/\/www.psib-psoe.org\/mallorca\/wp-json\/wp\/v2\/media\/26120"}],"wp:attachment":[{"href":"https:\/\/www.psib-psoe.org\/mallorca\/wp-json\/wp\/v2\/media?parent=26119"}],"wp:term":[{"taxonomy":"category","embeddable":true,"href":"https:\/\/www.psib-psoe.org\/mallorca\/wp-json\/wp\/v2\/categories?post=26119"},{"taxonomy":"post_tag","embeddable":true,"href":"https:\/\/www.psib-psoe.org\/mallorca\/wp-json\/wp\/v2\/tags?post=26119"}],"curies":[{"name":"wp","href":"https:\/\/api.w.org\/{rel}","templated":true}]}}