{"id":26126,"date":"2021-09-21T18:54:53","date_gmt":"2021-09-21T16:54:53","guid":{"rendered":"http:\/\/www.psib-psoe.org\/mallorca\/?p=26126"},"modified":"2021-10-22T18:57:49","modified_gmt":"2021-10-22T16:57:49","slug":"la-fsm-celebrara-el-consell-politic-la-proxima-setmana-iniciant-aixi-el-procediment-per-convocar-el-14e-congres-dels-socialistes-de-mallorca","status":"publish","type":"post","link":"https:\/\/www.psib-psoe.org\/mallorca\/la-fsm-celebrara-el-consell-politic-la-proxima-setmana-iniciant-aixi-el-procediment-per-convocar-el-14e-congres-dels-socialistes-de-mallorca\/","title":{"rendered":"La FSM celebrar\u00e0 el Consell Pol\u00edtic la pr\u00f2xima setmana, iniciant aix\u00ed el procediment per convocar el 14\u00e8 Congr\u00e9s dels Socialistes de Mallorca"},"content":{"rendered":"<div class=\"wpb-content-wrapper\">[vc_row][vc_column][vc_single_image image=&#8221;26127&#8243; img_size=&#8221;full&#8221; alignment=&#8221;center&#8221;][\/vc_column][\/vc_row][vc_row][vc_column][vc_column_text]<i><u><span lang=\"CA\">Mercedes Garrido, secret\u00e0ria general<span class=\"gmail-Apple-converted-space\">\u00a0<\/span>\u00a0del PSIB-PSOE Mallorca, ha destacat que \u201csom un partit unit, fort i amb un projecte de futur que ens permetr\u00e0 continuar governant a Mallorca\u201d<\/span><\/u><\/i>[\/vc_column_text][\/vc_column][\/vc_row][vc_row][vc_column width=&#8221;1\/2&#8243;][vc_column_text]La Comissi\u00f3 Executiva de la Federaci\u00f3 Socialista de Mallorca ha decidit avui celebrar el pr\u00f2xim Consell Pol\u00edtic dia 27 de setembre, iniciant aix\u00ed el proc\u00e9s per a convocar el 14\u00e8 Congr\u00e9s dels Socialistes de Mallorca abans de final d\u2019any.<\/p>\n<p>La secret\u00e0ria general de la FSM, Mercedes Garrido, ha destacat durant la reuni\u00f3 de la Comissi\u00f3 Executiva que \u201csom un partit unit, fort i amb un projecte de futur que ens permetr\u00e0 continuar governant a Mallorca, mantenir els nostres valors i seguir sent la principal garantia de progr\u00e9s i de benestar de la ciutadania d\u2019aquesta terra\u201d<\/p>\n<p>Garrido ha explicat que \u201cser\u00e0 un Congr\u00e9s al qual arribarem amb solidesa, amb la tranquil\u00b7litat d\u2019haver aconseguit entre tots enfortir el projecte socialista a la nostra illa.[\/vc_column_text][\/vc_column][vc_column width=&#8221;1\/2&#8243;][vc_column_text]Perqu\u00e8 governar a les principals institucions de la nostra comunitat ens est\u00e0 permetent canviar la realitat, millorar la vida de les persones, reduir les desigualtats, garantir oportunitats a tothom, i en especial a qui ho passa pitjor\u201d.<\/p>\n<p>La secret\u00e0ria general dels Socialistes de Mallorca ha reconegut que no est\u00e0 sent una legislatura f\u00e0cil \u201cper\u00f2 no hem perdut les forces, ni la il\u00b7lusi\u00f3, ni el coratge. La crisi de la COVID-19 ens ha donat l&#8217;oportunitat de demostrar que, davant les adversitats hi ha dues maneres de plantejar sortides: la de la dreta, la de les retallades de drets i serveis p\u00fablics; i la de l&#8217;esquerra, la de la inversi\u00f3 i les pol\u00edtiques antic\u00edcliques. Tanta sort que hi hem estat nosaltres al capdavant de les institucions, perqu\u00e8 del contrari la ciutadania ho hauria passat molt pitjor\u201d.[\/vc_column_text][\/vc_column][\/vc_row]\n<\/div>","protected":false},"excerpt":{"rendered":"<p>[vc_row][vc_column][vc_single_image image=&#8221;26127&#8243; img_size=&#8221;full&#8221; alignment=&#8221;center&#8221;][\/vc_column][\/vc_row][vc_row][vc_column][vc_column_text]Mercedes Garrido, secret\u00e0ria general\u00a0\u00a0del PSIB-PSOE Mallorca, ha destacat que \u201csom un partit unit, fort i amb un projecte de futur que ens permetr\u00e0 continuar governant a Mallorca\u201d[\/vc_column_text][\/vc_column][\/vc_row][vc_row][vc_column width=&#8221;1\/2&#8243;][vc_column_text]La Comissi\u00f3 Executiva de la Federaci\u00f3 Socialista de Mallorca ha decidit avui celebrar el pr\u00f2xim Consell Pol\u00edtic dia 27 de setembre, iniciant aix\u00ed el proc\u00e9s&hellip;<\/p>\n","protected":false},"author":6,"featured_media":26127,"comment_status":"open","ping_status":"open","sticky":false,"template":"","format":"standard","meta":{"footnotes":""},"categories":[188,2,92],"tags":[],"class_list":["post-26126","post","type-post","status-publish","format-standard","has-post-thumbnail","hentry","category-14e-congres-fsm","category-federacio-de-mallorca","category-portada"],"_links":{"self":[{"href":"https:\/\/www.psib-psoe.org\/mallorca\/wp-json\/wp\/v2\/posts\/26126"}],"collection":[{"href":"https:\/\/www.psib-psoe.org\/mallorca\/wp-json\/wp\/v2\/posts"}],"about":[{"href":"https:\/\/www.psib-psoe.org\/mallorca\/wp-json\/wp\/v2\/types\/post"}],"author":[{"embeddable":true,"href":"https:\/\/www.psib-psoe.org\/mallorca\/wp-json\/wp\/v2\/users\/6"}],"replies":[{"embeddable":true,"href":"https:\/\/www.psib-psoe.org\/mallorca\/wp-json\/wp\/v2\/comments?post=26126"}],"version-history":[{"count":0,"href":"https:\/\/www.psib-psoe.org\/mallorca\/wp-json\/wp\/v2\/posts\/26126\/revisions"}],"wp:featuredmedia":[{"embeddable":true,"href":"https:\/\/www.psib-psoe.org\/mallorca\/wp-json\/wp\/v2\/media\/26127"}],"wp:attachment":[{"href":"https:\/\/www.psib-psoe.org\/mallorca\/wp-json\/wp\/v2\/media?parent=26126"}],"wp:term":[{"taxonomy":"category","embeddable":true,"href":"https:\/\/www.psib-psoe.org\/mallorca\/wp-json\/wp\/v2\/categories?post=26126"},{"taxonomy":"post_tag","embeddable":true,"href":"https:\/\/www.psib-psoe.org\/mallorca\/wp-json\/wp\/v2\/tags?post=26126"}],"curies":[{"name":"wp","href":"https:\/\/api.w.org\/{rel}","templated":true}]}}