{"id":26147,"date":"2021-09-30T10:40:19","date_gmt":"2021-09-30T08:40:19","guid":{"rendered":"http:\/\/www.psib-psoe.org\/mallorca\/?p=26147"},"modified":"2021-09-30T10:40:19","modified_gmt":"2021-09-30T08:40:19","slug":"els-socialistes-de-soller-denuncien-la-situacio-de-paralisi-i-inoperancia-de-lajuntament-provocada-per-la-ingovernabilitat-de-lequip-de-govern-liderat-pel-pp","status":"publish","type":"post","link":"https:\/\/www.psib-psoe.org\/mallorca\/els-socialistes-de-soller-denuncien-la-situacio-de-paralisi-i-inoperancia-de-lajuntament-provocada-per-la-ingovernabilitat-de-lequip-de-govern-liderat-pel-pp\/","title":{"rendered":"Els Socialistes de S\u00f3ller denuncien la situaci\u00f3 de par\u00e0lisi i inoper\u00e0ncia de l\u2019Ajuntament provocada per la ingovernabilitat de l\u2019equip de govern liderat pel PP"},"content":{"rendered":"<div class=\"wpb-content-wrapper\">[vc_row][vc_column][vc_single_image image=&#8221;26149&#8243; img_size=&#8221;full&#8221; alignment=&#8221;center&#8221;][\/vc_column][\/vc_row][vc_row][vc_column][vc_column_text]<em><u>L\u2019Agrupaci\u00f3 Socialista lamenta que l\u2019equip de govern no hi hagi dut cap punt de gesti\u00f3 dins l\u2019ordre del dia al darrer Ple de l\u2019Ajuntament de S\u00f3ller i que encara no s\u2019hagin aprovat els pressupostos per al 2021<\/u><\/em>[\/vc_column_text][\/vc_column][\/vc_row][vc_row][vc_column width=&#8221;1\/2&#8243;][vc_column_text]Els Socialistes de S\u00f3ller han denunciat aquest dijous la inoper\u00e0ncia de l\u2019equip de govern municipal liderat pel Partit Popular, ja que no han dut cap punt de gesti\u00f3 dins l\u2019ordre del dia al darrer Ple de l\u2019Ajuntament de S\u00f3ller, nom\u00e9s s\u2019hi han debatut les mocions que els diferents grups pol\u00edtics han aportat. Per aix\u00f2, els socialistes demanen un canvi de rumb, ja que el poble perd oportunitats de finan\u00e7ament i de realitzaci\u00f3 de projectes a trav\u00e9s de fons procedents d\u2019altres entitats.<\/p>\n<p>D\u2019aquesta manera, el portaveu de l\u2019Agrupaci\u00f3 Socialista de S\u00f3ller, Jaume Mateu, ha explicat que \u201cel Ple s\u2019havia de celebrar el segon dimarts del mes de setembre, dia 14, tal i com marca l\u2019acord de constituci\u00f3 del Consistori, per\u00f2 s\u2019ha celebrat dia 29, despr\u00e9s que el batle l\u2019hagu\u00e9s ajornat dues vegades consecutives\u201d.<\/p>\n<p>A m\u00e9s a m\u00e9s, Mateu ha recordat que \u201cels plens ordinaris actualment es celebren casa dos mesos, despr\u00e9s que l\u2019actual equip aix\u00ed ho decid\u00eds, quan en l\u2019anterior mandat la periodicitat era mensual\u201d. Tamb\u00e9, Mateu ha volgut recordar que \u201cquatre regidors fan feina en dedicaci\u00f3 exclusiva i una pujada de sous mai vista efectuada al principi del mandat\u201d.[\/vc_column_text][\/vc_column][vc_column width=&#8221;1\/2&#8243;][vc_column_text]Tot i aix\u00f2, Mateu ha incidit que \u201cencara no s\u2019han aprovat els pressuposts per a 2021, cosa que ha provocat que es perdin subvencions com les de l\u2019arxiu municipal per manca de partida o b\u00e9 que no es puguin tramitar ajuts als clubs esportius municipals\u201d. Aix\u00f2, suposa haver de funcionar amb els pressupostos prorrogats de 2020, que foren aprovats abans de la crisi de la COVID-19.<\/p>\n<p>El socialista ha subratllat que \u201cfa\u00a0 poc el batle va perdre la votaci\u00f3 per a incorporar els romanents de tresoreria acumulats fins el dia d\u2019avui, per la seva caparrudesa en voler-los destinar a un projecte fortament q\u00fcestionat fins i tot pels seus socis de govern, la construcci\u00f3 d\u2019un grandi\u00f3s aparcament al C\/ de Cetre\u201d.<\/p>\n<p>Mateu ha exposat que \u201ctot aix\u00f2 aboca a una situaci\u00f3 de par\u00e0lisi i inoper\u00e0ncia a l\u2019Ajuntament, en un moment en qu\u00e8 l\u2019administraci\u00f3 p\u00fablica, i especialment les entitats locals, han de mantenir els esfor\u00e7os per a consolidar la recuperaci\u00f3 despr\u00e9s de la crisi sanit\u00e0ria del coronavirus\u201d. \u201cEl batle passa els dies sense cap iniciativa destacable i abocat a una situaci\u00f3 d\u2019ingovernabilitat per la manca d\u2019entesa amb els seus socis de pacte, i per la manca d\u2019iniciatives a l\u2019hora de tirar el poble endavant\u201d, ha insistit Mateu.[\/vc_column_text][\/vc_column][\/vc_row]\n<\/div>","protected":false},"excerpt":{"rendered":"<p>[vc_row][vc_column][vc_single_image image=&#8221;26149&#8243; img_size=&#8221;full&#8221; alignment=&#8221;center&#8221;][\/vc_column][\/vc_row][vc_row][vc_column][vc_column_text]L\u2019Agrupaci\u00f3 Socialista lamenta que l\u2019equip de govern no hi hagi dut cap punt de gesti\u00f3 dins l\u2019ordre del dia al darrer Ple de l\u2019Ajuntament de S\u00f3ller i que encara no s\u2019hagin aprovat els pressupostos per al 2021[\/vc_column_text][\/vc_column][\/vc_row][vc_row][vc_column width=&#8221;1\/2&#8243;][vc_column_text]Els Socialistes de S\u00f3ller han denunciat aquest dijous la inoper\u00e0ncia de l\u2019equip de govern municipal&hellip;<\/p>\n","protected":false},"author":4,"featured_media":26149,"comment_status":"open","ping_status":"open","sticky":false,"template":"","format":"standard","meta":{"footnotes":""},"categories":[90,92],"tags":[95,186,96],"class_list":["post-26147","post","type-post","status-publish","format-standard","has-post-thumbnail","hentry","category-municipis","category-portada","tag-agrupacio-socialista-de-soller","tag-jaume-mateu","tag-soller"],"_links":{"self":[{"href":"https:\/\/www.psib-psoe.org\/mallorca\/wp-json\/wp\/v2\/posts\/26147"}],"collection":[{"href":"https:\/\/www.psib-psoe.org\/mallorca\/wp-json\/wp\/v2\/posts"}],"about":[{"href":"https:\/\/www.psib-psoe.org\/mallorca\/wp-json\/wp\/v2\/types\/post"}],"author":[{"embeddable":true,"href":"https:\/\/www.psib-psoe.org\/mallorca\/wp-json\/wp\/v2\/users\/4"}],"replies":[{"embeddable":true,"href":"https:\/\/www.psib-psoe.org\/mallorca\/wp-json\/wp\/v2\/comments?post=26147"}],"version-history":[{"count":0,"href":"https:\/\/www.psib-psoe.org\/mallorca\/wp-json\/wp\/v2\/posts\/26147\/revisions"}],"wp:featuredmedia":[{"embeddable":true,"href":"https:\/\/www.psib-psoe.org\/mallorca\/wp-json\/wp\/v2\/media\/26149"}],"wp:attachment":[{"href":"https:\/\/www.psib-psoe.org\/mallorca\/wp-json\/wp\/v2\/media?parent=26147"}],"wp:term":[{"taxonomy":"category","embeddable":true,"href":"https:\/\/www.psib-psoe.org\/mallorca\/wp-json\/wp\/v2\/categories?post=26147"},{"taxonomy":"post_tag","embeddable":true,"href":"https:\/\/www.psib-psoe.org\/mallorca\/wp-json\/wp\/v2\/tags?post=26147"}],"curies":[{"name":"wp","href":"https:\/\/api.w.org\/{rel}","templated":true}]}}