{"id":26176,"date":"2021-10-14T12:42:57","date_gmt":"2021-10-14T10:42:57","guid":{"rendered":"http:\/\/www.psib-psoe.org\/mallorca\/?p=26176"},"modified":"2021-10-14T12:42:57","modified_gmt":"2021-10-14T10:42:57","slug":"alcover-el-traspas-de-les-competencies-dordenacio-turistica-al-consell-es-una-passa-important-per-enfortir-la-institucio-i-per-seguir-demostrant-la-seva-utilitat-eficiencia-i-agili","status":"publish","type":"post","link":"https:\/\/www.psib-psoe.org\/mallorca\/alcover-el-traspas-de-les-competencies-dordenacio-turistica-al-consell-es-una-passa-important-per-enfortir-la-institucio-i-per-seguir-demostrant-la-seva-utilitat-eficiencia-i-agili\/","title":{"rendered":"Alcover: \u201cEl trasp\u00e0s de les compet\u00e8ncies d\u2019Ordenaci\u00f3 Tur\u00edstica al Consell \u00e9s una passa important per enfortir la instituci\u00f3 i per seguir demostrant la seva utilitat, efici\u00e8ncia i agilitat\u201d"},"content":{"rendered":"<div class=\"wpb-content-wrapper\">[vc_row][vc_column][vc_single_image image=&#8221;26019&#8243; img_size=&#8221;full&#8221; alignment=&#8221;center&#8221;][\/vc_column][\/vc_row][vc_row][vc_column][vc_column_text]<em><u>El portaveu del Grup Socialista del Consell de Mallorca valora positivament l\u2019acord que contribueix a la descentralitzaci\u00f3 administrativa i al federalisme insular, i que permetr\u00e0 que Mallorca pugui decidir en tots els \u00e0mbits relacionats amb la seva activitat tur\u00edstica <\/u><\/em>[\/vc_column_text][\/vc_column][\/vc_row][vc_row][vc_column width=&#8221;1\/2&#8243;][vc_column_text]El Grup Socialista del Consell de Mallorca valora positivament l\u2019acord assumit ahir per fer efectiu el trasp\u00e0s de les compet\u00e8ncies d\u2019Ordenaci\u00f3 Tur\u00edstica al Consell de Mallorca a partir del pr\u00f2xim 1 de gener de 2022.<\/p>\n<p>L\u2019assumpci\u00f3 de noves compet\u00e8ncies inclou la planificaci\u00f3 sectorial tur\u00edstica, la potestat reglament\u00e0ria, el foment de l\u2019activitat tur\u00edstica i la fixaci\u00f3 de pol\u00edtiques comunes amb la resta de consells que ja gestionen aquesta compet\u00e8ncia.<\/p>\n<p>Aix\u00ed doncs, el Consell de Mallorca exercir\u00e0 les funcions ja previstes en l\u2019Estatut d\u2019Autonomia com ja fan els altres consells insulars, compleix amb un comprom\u00eds assumit als Acords de Raixa, i contribueix a la descentralitzaci\u00f3 administrativa i al federalisme insular.<br \/>\n[\/vc_column_text][\/vc_column][vc_column width=&#8221;1\/2&#8243;][vc_column_text]El portaveu del Grup Socialista, Andreu Alcover, destaca que aquest acord suposa una passa m\u00e9s per enfortir la instituci\u00f3 insular \u201cdemostrant la seva capacitat per a ser una instituci\u00f3 \u00fatil, \u00e0gil i eficient, molt m\u00e9s a prop dels ciutadans i ciutadanes de l\u2019illa\u201d.<\/p>\n<p>\u201cAmb aquest acord, el Consell de Mallorca tindr\u00e0 compet\u00e8ncies plenes en mat\u00e8ria de turisme i no tan sols la promoci\u00f3 del dest\u00ed com fins ara. Aquest acord suposa que Mallorca decidir\u00e0 en tots els \u00e0mbits relacionats amb la ind\u00fastria tur\u00edstica a l\u2019illa, en la planificaci\u00f3 sectorial, la potestat reglament\u00e0ria, el foment de l\u2019activitat tur\u00edstica i la fixaci\u00f3 de pol\u00edtiques comunes amb la resta de consells. I aquest lideratge ens permetr\u00e0 fer una millor gesti\u00f3 dels nostres recursos i seguir avan\u00e7ant cap a un turisme m\u00e9s sostenible\u201d, expressa Alcover.<br \/>\n[\/vc_column_text][\/vc_column][\/vc_row]\n<\/div>","protected":false},"excerpt":{"rendered":"<p>[vc_row][vc_column][vc_single_image image=&#8221;26019&#8243; img_size=&#8221;full&#8221; alignment=&#8221;center&#8221;][\/vc_column][\/vc_row][vc_row][vc_column][vc_column_text]El portaveu del Grup Socialista del Consell de Mallorca valora positivament l\u2019acord que contribueix a la descentralitzaci\u00f3 administrativa i al federalisme insular, i que permetr\u00e0 que Mallorca pugui decidir en tots els \u00e0mbits relacionats amb la seva activitat tur\u00edstica [\/vc_column_text][\/vc_column][\/vc_row][vc_row][vc_column width=&#8221;1\/2&#8243;][vc_column_text]El Grup Socialista del Consell de Mallorca valora positivament l\u2019acord assumit ahir&hellip;<\/p>\n","protected":false},"author":6,"featured_media":26019,"comment_status":"open","ping_status":"open","sticky":false,"template":"","format":"standard","meta":{"footnotes":""},"categories":[89,92],"tags":[86,83,85,160,79,109],"class_list":["post-26176","post","type-post","status-publish","format-standard","has-post-thumbnail","hentry","category-consell-de-mallorca","category-portada","tag-andreu-alcover","tag-consell-de-mallorca","tag-grup-socialista","tag-mallorca","tag-socialistes-de-mallorca","tag-turisme"],"_links":{"self":[{"href":"https:\/\/www.psib-psoe.org\/mallorca\/wp-json\/wp\/v2\/posts\/26176"}],"collection":[{"href":"https:\/\/www.psib-psoe.org\/mallorca\/wp-json\/wp\/v2\/posts"}],"about":[{"href":"https:\/\/www.psib-psoe.org\/mallorca\/wp-json\/wp\/v2\/types\/post"}],"author":[{"embeddable":true,"href":"https:\/\/www.psib-psoe.org\/mallorca\/wp-json\/wp\/v2\/users\/6"}],"replies":[{"embeddable":true,"href":"https:\/\/www.psib-psoe.org\/mallorca\/wp-json\/wp\/v2\/comments?post=26176"}],"version-history":[{"count":0,"href":"https:\/\/www.psib-psoe.org\/mallorca\/wp-json\/wp\/v2\/posts\/26176\/revisions"}],"wp:featuredmedia":[{"embeddable":true,"href":"https:\/\/www.psib-psoe.org\/mallorca\/wp-json\/wp\/v2\/media\/26019"}],"wp:attachment":[{"href":"https:\/\/www.psib-psoe.org\/mallorca\/wp-json\/wp\/v2\/media?parent=26176"}],"wp:term":[{"taxonomy":"category","embeddable":true,"href":"https:\/\/www.psib-psoe.org\/mallorca\/wp-json\/wp\/v2\/categories?post=26176"},{"taxonomy":"post_tag","embeddable":true,"href":"https:\/\/www.psib-psoe.org\/mallorca\/wp-json\/wp\/v2\/tags?post=26176"}],"curies":[{"name":"wp","href":"https:\/\/api.w.org\/{rel}","templated":true}]}}