{"id":26182,"date":"2021-10-20T15:24:29","date_gmt":"2021-10-20T13:24:29","guid":{"rendered":"http:\/\/www.psib-psoe.org\/mallorca\/?p=26182"},"modified":"2021-10-22T18:56:52","modified_gmt":"2021-10-22T16:56:52","slug":"francina-armengol-i-catalina-cladera-presenten-els-avals-necessaris-per-a-les-seves-precandidatures","status":"publish","type":"post","link":"https:\/\/www.psib-psoe.org\/mallorca\/francina-armengol-i-catalina-cladera-presenten-els-avals-necessaris-per-a-les-seves-precandidatures\/","title":{"rendered":"Francina Armengol i Catalina Cladera presenten els avals necessaris per a les seves precandidatures"},"content":{"rendered":"<div class=\"wpb-content-wrapper\">[vc_row][vc_column][vc_single_image image=&#8221;26183&#8243; img_size=&#8221;full&#8221; alignment=&#8221;center&#8221;][\/vc_column][\/vc_row][vc_row][vc_column][vc_column_text]<em><u>Ser\u00e0 el tercer mandat consecutiu de Francina Armengol al capdavant de la Secretaria General del PSIB-PSOE i el primer de Catalina Cladera a la Federaci\u00f3 Socialista de Mallorca<\/u><\/em>[\/vc_column_text][\/vc_column][\/vc_row][vc_row][vc_column width=&#8221;1\/2&#8243;][vc_column_text]Avui s&#8217;han presentat els avals de la milit\u00e0ncia socialista a les dues precandidatures de Francina Armengol i Catalina Cladera, com a secretaries generals del PSIB-PSOE i de la Federaci\u00f3 Socialista de Mallorca, respectivament.<\/p>\n<p>En ambd\u00f3s casos s&#8217;han cobert els percentatges d&#8217;avals necessaris per a fer efectives les candidatures. Un 2% al cas del PSIB i un 3% al cas de la Federaci\u00f3 Socialista de Mallorca.<\/p>\n<p>Cal recordar que el termini per a la recollida d&#8217;avals va comen\u00e7ar el passat 6 d&#8217;octubre i conclou avui, dia 20.<\/p>\n<p>Ara s&#8217;obre un termini de 24 hores per a la presentaci\u00f3 de recursos, transcorregut el qual, i tenint en compte que nom\u00e9s s&#8217;ha[\/vc_column_text][\/vc_column][vc_column width=&#8221;1\/2&#8243;][vc_column_text]presentat una precandidatura per a cadascuna de les secretaries generals, es procedir\u00e0 a la proclamaci\u00f3 definitiva de les candidates com a secret\u00e0ries generals, sense necessitat de votaci\u00f3.<\/p>\n<p>En el cas de Francina Armengol, aquesta ser\u00e0 la segona vegada que reedita el c\u00e0rrec de secret\u00e0ria general del PSIB-PSOE (2014-2017 i 2017-2021), iniciant aix\u00ed el tercer mandat consecutiu.<\/p>\n<p>Respecte de la Federaci\u00f3 Socialista de Mallorca, Catalina Cladera s&#8217;erigir\u00e0 en nova secret\u00e0ria general dels Socialistes de Mallorca en substituci\u00f3 de Mercedes Garrido, qui va anunciar recentment que no optaria a la reelecci\u00f3.[\/vc_column_text][\/vc_column][\/vc_row]\n<\/div>","protected":false},"excerpt":{"rendered":"<p>[vc_row][vc_column][vc_single_image image=&#8221;26183&#8243; img_size=&#8221;full&#8221; alignment=&#8221;center&#8221;][\/vc_column][\/vc_row][vc_row][vc_column][vc_column_text]Ser\u00e0 el tercer mandat consecutiu de Francina Armengol al capdavant de la Secretaria General del PSIB-PSOE i el primer de Catalina Cladera a la Federaci\u00f3 Socialista de Mallorca[\/vc_column_text][\/vc_column][\/vc_row][vc_row][vc_column width=&#8221;1\/2&#8243;][vc_column_text]Avui s&#8217;han presentat els avals de la milit\u00e0ncia socialista a les dues precandidatures de Francina Armengol i Catalina Cladera, com a secretaries generals del&hellip;<\/p>\n","protected":false},"author":6,"featured_media":26183,"comment_status":"open","ping_status":"open","sticky":false,"template":"","format":"standard","meta":{"footnotes":""},"categories":[188,2,92],"tags":[],"class_list":["post-26182","post","type-post","status-publish","format-standard","has-post-thumbnail","hentry","category-14e-congres-fsm","category-federacio-de-mallorca","category-portada"],"_links":{"self":[{"href":"https:\/\/www.psib-psoe.org\/mallorca\/wp-json\/wp\/v2\/posts\/26182"}],"collection":[{"href":"https:\/\/www.psib-psoe.org\/mallorca\/wp-json\/wp\/v2\/posts"}],"about":[{"href":"https:\/\/www.psib-psoe.org\/mallorca\/wp-json\/wp\/v2\/types\/post"}],"author":[{"embeddable":true,"href":"https:\/\/www.psib-psoe.org\/mallorca\/wp-json\/wp\/v2\/users\/6"}],"replies":[{"embeddable":true,"href":"https:\/\/www.psib-psoe.org\/mallorca\/wp-json\/wp\/v2\/comments?post=26182"}],"version-history":[{"count":0,"href":"https:\/\/www.psib-psoe.org\/mallorca\/wp-json\/wp\/v2\/posts\/26182\/revisions"}],"wp:featuredmedia":[{"embeddable":true,"href":"https:\/\/www.psib-psoe.org\/mallorca\/wp-json\/wp\/v2\/media\/26183"}],"wp:attachment":[{"href":"https:\/\/www.psib-psoe.org\/mallorca\/wp-json\/wp\/v2\/media?parent=26182"}],"wp:term":[{"taxonomy":"category","embeddable":true,"href":"https:\/\/www.psib-psoe.org\/mallorca\/wp-json\/wp\/v2\/categories?post=26182"},{"taxonomy":"post_tag","embeddable":true,"href":"https:\/\/www.psib-psoe.org\/mallorca\/wp-json\/wp\/v2\/tags?post=26182"}],"curies":[{"name":"wp","href":"https:\/\/api.w.org\/{rel}","templated":true}]}}