{"id":26224,"date":"2021-10-27T11:01:56","date_gmt":"2021-10-27T09:01:56","guid":{"rendered":"http:\/\/www.psib-psoe.org\/mallorca\/?p=26224"},"modified":"2021-10-27T11:01:56","modified_gmt":"2021-10-27T09:01:56","slug":"el-grup-municipal-socialista-de-llucmajor-denuncia-irregularitats-en-la-gestio-de-les-despeses-de-lajuntament-durant-lany-2020","status":"publish","type":"post","link":"https:\/\/www.psib-psoe.org\/mallorca\/el-grup-municipal-socialista-de-llucmajor-denuncia-irregularitats-en-la-gestio-de-les-despeses-de-lajuntament-durant-lany-2020\/","title":{"rendered":"El grup municipal socialista de Llucmajor denuncia irregularitats en la gesti\u00f3 de les despeses de l\u2019Ajuntament durant l\u2019any 2020"},"content":{"rendered":"<div class=\"wpb-content-wrapper\">[vc_row][vc_column][vc_single_image image=&#8221;26225&#8243; img_size=&#8221;full&#8221; alignment=&#8221;center&#8221;][\/vc_column][\/vc_row][vc_row][vc_column][vc_column_text]<i><u><span lang=\"CA\">Els socialistes lamenten que l\u2019equip de govern no tengui en compte els informes negatius d\u2019Intervenci\u00f3 i mostren la seva preocupaci\u00f3 davant una situaci\u00f3 que pot posar en perill els fons de les arques municipals<\/span><\/u><\/i>[\/vc_column_text][\/vc_column][\/vc_row][vc_row][vc_column width=&#8221;1\/2&#8243;][vc_column_text]Els Socialistes de Llucmajor denuncien &#8220;la total manca de rigor en la gesti\u00f3 de les despeses de l&#8217;any 2020 que ha fet l&#8217;equip de govern municipal&#8221; i lamenten que &#8220;el batle, Eric Jare\u00f1o, no posi fil a l&#8217;agulla i sigui capa\u00e7 de corregir la situaci\u00f3, ja que estam, una altra vegada, davant una gesti\u00f3 que pot posar en perill les arques municipals, que tant ens va costar reconduir despr\u00e9s de m\u00e9s de vint anys de d\u00e8ficit municipal i endeutament desorbitat&#8221;.<\/p>\n<p>El grup municipal socialista recorda que el passat mes de setembre, a un plenari extraordinari convocat per Jare\u00f1o, es va proposar l&#8217;aprovaci\u00f3 del compte de l&#8217;Ajuntament de Llucmajor corresponent a l&#8217;any 2020.<\/p>\n<p>&#8220;En aquest plenari, que es va convocar &#8216;a la correguda&#8217;, el grup municipal socialista vam votar en contra a la totalitat dels comptes anuals com a resposta al desgavell que est\u00e0 cometent l&#8217;actual equip de govern, format per una amalgama de partits pol\u00edtics i tr\u00e0nsfugues que componen l&#8217;actual majoria absoluta, i que van aprovar els desastrosos comptes anuals, malgrat tenir un informe demolidor de la interventora de l&#8217;ajuntament&#8221;.<br \/>\n[\/vc_column_text][\/vc_column][vc_column width=&#8221;1\/2&#8243;][vc_column_text]Els socialistes de Llucmajor expliquen que &#8220;el nostre vot en contra el justificarem amb els informes t\u00e8cnics on es pos\u00e0 de manifest que m\u00e9s de 200 expedients de despesa municipal, es varen realitzar amb una total omissi\u00f3 de qualsevol funci\u00f3 per part de la interventora municipal&#8221;.<\/p>\n<p>Assenyalen, aix\u00ed mateix, que hi ha fets m\u00e9s greus encara, &#8220;com a l&#8217;aixecament de l\u2019objecci\u00f3 de car\u00e0cter suspensiu de m\u00e9s de 74 expedients el passat 2020; aquest fet s&#8217;est\u00e0 agreujant enguany amb l&#8217;aprovaci\u00f3 de les depeses ordenades pels diferents regidors que, obviant l&#8217;omissi\u00f3 de la fiscalitzaci\u00f3, superen cada mes els 400.000 euros&#8221;.<\/p>\n<p>Per tot aix\u00f2, el grup municipal Socialista insta a Eric Jare\u00f1o, com a m\u00e0xima autoritat, a incrementar el personal en les \u00e0rees de contractaci\u00f3 i intervenci\u00f3 per corregir aqueixa greu situaci\u00f3 i per a posar fi a tot aquest desgavell. I insisteixen que &#8220;no deixarem d&#8217;aixecar la veu a cada plenari per condemnar i mostrar el nostre desacord amb aquestes pr\u00e0ctiques en la gesti\u00f3 dels diners p\u00fablics que duen a terme els membres de l&#8217;actual equip de govern municipal&#8221;<br \/>\n[\/vc_column_text][\/vc_column][\/vc_row]\n<\/div>","protected":false},"excerpt":{"rendered":"<p>[vc_row][vc_column][vc_single_image image=&#8221;26225&#8243; img_size=&#8221;full&#8221; alignment=&#8221;center&#8221;][\/vc_column][\/vc_row][vc_row][vc_column][vc_column_text]Els socialistes lamenten que l\u2019equip de govern no tengui en compte els informes negatius d\u2019Intervenci\u00f3 i mostren la seva preocupaci\u00f3 davant una situaci\u00f3 que pot posar en perill els fons de les arques municipals[\/vc_column_text][\/vc_column][\/vc_row][vc_row][vc_column width=&#8221;1\/2&#8243;][vc_column_text]Els Socialistes de Llucmajor denuncien &#8220;la total manca de rigor en la gesti\u00f3 de les despeses de l&#8217;any&hellip;<\/p>\n","protected":false},"author":6,"featured_media":26225,"comment_status":"open","ping_status":"open","sticky":false,"template":"","format":"standard","meta":{"footnotes":""},"categories":[2,90,92],"tags":[],"class_list":["post-26224","post","type-post","status-publish","format-standard","has-post-thumbnail","hentry","category-federacio-de-mallorca","category-municipis","category-portada"],"_links":{"self":[{"href":"https:\/\/www.psib-psoe.org\/mallorca\/wp-json\/wp\/v2\/posts\/26224"}],"collection":[{"href":"https:\/\/www.psib-psoe.org\/mallorca\/wp-json\/wp\/v2\/posts"}],"about":[{"href":"https:\/\/www.psib-psoe.org\/mallorca\/wp-json\/wp\/v2\/types\/post"}],"author":[{"embeddable":true,"href":"https:\/\/www.psib-psoe.org\/mallorca\/wp-json\/wp\/v2\/users\/6"}],"replies":[{"embeddable":true,"href":"https:\/\/www.psib-psoe.org\/mallorca\/wp-json\/wp\/v2\/comments?post=26224"}],"version-history":[{"count":0,"href":"https:\/\/www.psib-psoe.org\/mallorca\/wp-json\/wp\/v2\/posts\/26224\/revisions"}],"wp:featuredmedia":[{"embeddable":true,"href":"https:\/\/www.psib-psoe.org\/mallorca\/wp-json\/wp\/v2\/media\/26225"}],"wp:attachment":[{"href":"https:\/\/www.psib-psoe.org\/mallorca\/wp-json\/wp\/v2\/media?parent=26224"}],"wp:term":[{"taxonomy":"category","embeddable":true,"href":"https:\/\/www.psib-psoe.org\/mallorca\/wp-json\/wp\/v2\/categories?post=26224"},{"taxonomy":"post_tag","embeddable":true,"href":"https:\/\/www.psib-psoe.org\/mallorca\/wp-json\/wp\/v2\/tags?post=26224"}],"curies":[{"name":"wp","href":"https:\/\/api.w.org\/{rel}","templated":true}]}}