{"id":26244,"date":"2021-11-09T18:04:05","date_gmt":"2021-11-09T16:04:05","guid":{"rendered":"http:\/\/www.psib-psoe.org\/mallorca\/?p=26244"},"modified":"2021-11-09T18:04:05","modified_gmt":"2021-11-09T16:04:05","slug":"alcover-es-una-excellent-noticia-per-a-mallorca-que-el-consell-tingui-el-pressupost-mes-gran-de-la-seva-historia-per-seguir-reforcant-lescut-social-i-la-recuperacio-economica-i-per-continuar-ava","status":"publish","type":"post","link":"https:\/\/www.psib-psoe.org\/mallorca\/alcover-es-una-excellent-noticia-per-a-mallorca-que-el-consell-tingui-el-pressupost-mes-gran-de-la-seva-historia-per-seguir-reforcant-lescut-social-i-la-recuperacio-economica-i-per-continuar-ava\/","title":{"rendered":"Alcover: &#8220;\u00c9s una excel\u00b7lent not\u00edcia per a Mallorca que el Consell tingui el pressupost m\u00e9s gran de la seva hist\u00f2ria per seguir refor\u00e7ant l&#8217;escut social i la recuperaci\u00f3 econ\u00f2mica, i per continuar avan\u00e7ant cap a un futur m\u00e9s sostenible&#8221;"},"content":{"rendered":"<div class=\"wpb-content-wrapper\">[vc_row][vc_column][vc_single_image image=&#8221;26245&#8243; img_size=&#8221;full&#8221; alignment=&#8221;center&#8221;][\/vc_column][\/vc_row][vc_row][vc_column][vc_column_text]<em><u>El portaveu del grup socialista del Consell de Mallorca valora els comptes de la instituci\u00f3 insular per l&#8217;any 2022, &#8220;uns pressupostos enfocats a enfortir l&#8217;estat de benestar, els serveis p\u00fablics, la despesa social, la sostenibilitat i el municipalisme&#8221;<\/u><\/em>[\/vc_column_text][\/vc_column][\/vc_row][vc_row][vc_column width=&#8221;1\/2&#8243;][vc_column_text]El grup socialista del Consell de Mallorca valora molt positivament el pressupost previst per la instituci\u00f3 insular per l&#8217;any 2022 &#8220;unes comptes que creixen per consolidar les pol\u00edtiques de recuperaci\u00f3 econ\u00f2mica, amb m\u00e9s despesa social que mai i un clar refor\u00e7 dels serveis p\u00fablics als municipis de Mallorca, fent costat als ajuntaments&#8221;, expressa Andreu Alcover, portaveu del grup socialista del Consell de Mallorca.<\/p>\n<p>Aix\u00ed mateix, Alcover incideix que els Pressuposts 2022, que poden arribar a 600 milions d&#8217;euros, &#8220;inclouen inversions importants i transversals per assolir la transici\u00f3 cap a un futur m\u00e9s sostenible, cap a una Mallorca m\u00e9s justa, m\u00e9s verda i m\u00e9s resilient&#8221;.<\/p>\n<p>El portaveu destaca l&#8217;increment de les partides socials, &#8220;pol\u00edtiques socials a les quals es destinaran 304 M\u20ac, m\u00e9s de la meitat del pressupost&#8221; i recorda que des de 2015, &#8220;des que governem les forces progressistes al Consell de Mallorca, el pressupost s&#8217;ha incrementat en quasi un 50%, amb 171 milions d&#8217;euros m\u00e9s, amb un increment en despesa social del 72%&#8221;.[\/vc_column_text][\/vc_column][vc_column width=&#8221;1\/2&#8243;][vc_column_text]Alcover assenyala que &#8220;un any m\u00e9s, la instituci\u00f3 insular incrementa les partides en serveis i recursos per a la gent gran, per la joventut, per a programes d&#8217;igualtat i de lluita contra les viol\u00e8ncies masclistes, per a dinamitzaci\u00f3 i promoci\u00f3 sociocultural i esportiva&#8230; i a m\u00e9s a m\u00e9s, amb el trasp\u00e0s de les compet\u00e8ncies d&#8217;ordenaci\u00f3 i inspecci\u00f3 tur\u00edstica, tamb\u00e9 s&#8217;incrementa un pressupost, en un 60%, que servir\u00e0 per a seguir fent feina en un turisme m\u00e9s sostenible a Mallorca&#8221;.<\/p>\n<p>Per altra banda, el portaveu del grup socialista destaca &#8220;l&#8217;aposta clara pel municipalisme, la qual tamb\u00e9 es reflecteix als Pressuposts 2022 del Consell de Mallorca, amb m\u00e9s de 40 milions d&#8217;euros en inversions municipals consensuades amb cada ajuntament i que serviran per a continuar millorant la qualitat de vida dels ciutadans i ciutadanes&#8221;.<\/p>\n<p>Per finalitzar, Alcover declara que estam davant d&#8217;un pressupost pensat per l&#8217;impuls de pol\u00edtiques p\u00fabliques que la ciutadania demana en temps de recuperaci\u00f3. Pol\u00edtiques socials, econ\u00f2miques i mediambientals&#8221;.[\/vc_column_text][\/vc_column][\/vc_row]\n<\/div>","protected":false},"excerpt":{"rendered":"<p>[vc_row][vc_column][vc_single_image image=&#8221;26245&#8243; img_size=&#8221;full&#8221; alignment=&#8221;center&#8221;][\/vc_column][\/vc_row][vc_row][vc_column][vc_column_text]El portaveu del grup socialista del Consell de Mallorca valora els comptes de la instituci\u00f3 insular per l&#8217;any 2022, &#8220;uns pressupostos enfocats a enfortir l&#8217;estat de benestar, els serveis p\u00fablics, la despesa social, la sostenibilitat i el municipalisme&#8221;[\/vc_column_text][\/vc_column][\/vc_row][vc_row][vc_column width=&#8221;1\/2&#8243;][vc_column_text]El grup socialista del Consell de Mallorca valora molt positivament el pressupost previst per&hellip;<\/p>\n","protected":false},"author":6,"featured_media":26245,"comment_status":"open","ping_status":"open","sticky":false,"template":"","format":"standard","meta":{"footnotes":""},"categories":[89,92],"tags":[],"class_list":["post-26244","post","type-post","status-publish","format-standard","has-post-thumbnail","hentry","category-consell-de-mallorca","category-portada"],"_links":{"self":[{"href":"https:\/\/www.psib-psoe.org\/mallorca\/wp-json\/wp\/v2\/posts\/26244"}],"collection":[{"href":"https:\/\/www.psib-psoe.org\/mallorca\/wp-json\/wp\/v2\/posts"}],"about":[{"href":"https:\/\/www.psib-psoe.org\/mallorca\/wp-json\/wp\/v2\/types\/post"}],"author":[{"embeddable":true,"href":"https:\/\/www.psib-psoe.org\/mallorca\/wp-json\/wp\/v2\/users\/6"}],"replies":[{"embeddable":true,"href":"https:\/\/www.psib-psoe.org\/mallorca\/wp-json\/wp\/v2\/comments?post=26244"}],"version-history":[{"count":0,"href":"https:\/\/www.psib-psoe.org\/mallorca\/wp-json\/wp\/v2\/posts\/26244\/revisions"}],"wp:featuredmedia":[{"embeddable":true,"href":"https:\/\/www.psib-psoe.org\/mallorca\/wp-json\/wp\/v2\/media\/26245"}],"wp:attachment":[{"href":"https:\/\/www.psib-psoe.org\/mallorca\/wp-json\/wp\/v2\/media?parent=26244"}],"wp:term":[{"taxonomy":"category","embeddable":true,"href":"https:\/\/www.psib-psoe.org\/mallorca\/wp-json\/wp\/v2\/categories?post=26244"},{"taxonomy":"post_tag","embeddable":true,"href":"https:\/\/www.psib-psoe.org\/mallorca\/wp-json\/wp\/v2\/tags?post=26244"}],"curies":[{"name":"wp","href":"https:\/\/api.w.org\/{rel}","templated":true}]}}