{"id":26258,"date":"2021-11-11T00:04:50","date_gmt":"2021-11-10T22:04:50","guid":{"rendered":"https:\/\/www.psib-psoe.org\/mallorca\/armengol-cladera-i-garrido-defensen-que-el-psib-psoe-es-el-partit-que-mes-sassembla-a-la-societat-de-les-illes-i-que-millor-pot-representar-els-seus-interessos\/"},"modified":"2021-11-11T00:05:41","modified_gmt":"2021-11-10T22:05:41","slug":"armengol-cladera-i-garrido-defensen-que-el-psib-psoe-es-el-partit-que-mes-sassembla-a-la-societat-de-les-illes-i-que-millor-pot-representar-els-seus-interessos","status":"publish","type":"post","link":"https:\/\/www.psib-psoe.org\/mallorca\/armengol-cladera-i-garrido-defensen-que-el-psib-psoe-es-el-partit-que-mes-sassembla-a-la-societat-de-les-illes-i-que-millor-pot-representar-els-seus-interessos\/","title":{"rendered":"Armengol, Cladera i Garrido defensen que el PSIB-PSOE \u201c\u00e9s el partit que m\u00e9s s\u2019assembla a la societat de les Illes i que millor pot representar els seus interessos\u201d"},"content":{"rendered":"<div class=\"row wpb_row row-fluid img_noticia\">\n<div class=\"wpb_column columns small-12 medium-12 thb-dark-column\">\n<div class=\"vc_column-inner  \">\n<div class=\"wpb_wrapper\">\n<div class=\"wpb_single_image wpb_content_element vc_align_center  vc_custom_1636581716399\">\n<figure class=\"wpb_wrapper vc_figure\">\n<div class=\"vc_single_image-wrapper   vc_box_border_grey\"><img loading=\"lazy\" decoding=\"async\" width=\"3720\" height=\"2480\" src=\"https:\/\/www.psib-psoe.org\/wp-content\/uploads\/Armengol-Cladera-Garrido-Ariany-20211110.jpg\" class=\"vc_single_image-img attachment-full\" alt=\"\" \/><\/div>\n<\/figure><\/div>\n<\/div>\n<\/div>\n<\/div>\n<\/div>\n<div class=\"row wpb_row row-fluid intro full-width-row vc_custom_1558336094678\">\n<div class=\"col_izq wpb_column columns small-12 medium-12 thb-dark-column\">\n<div class=\"vc_column-inner  \">\n<div class=\"wpb_wrapper\">\n<div class=\"wpb_text_column wpb_content_element  \">\n<div class=\"wpb_wrapper\">\n<p><em><u>Les secret\u00e0ries generals del PSIB-PSOE i de la Federaci\u00f3 Socialista de Mallorca, Francina Armengol i Mercedes Garrido, i la secret\u00e0ria general electa de la FSM, Catalina Cladera, participen en una trobada precongressual amb militants de la Part Forana<\/u><\/em><\/p>\n<\/p><\/div><\/div>\n<\/div>\n<\/div>\n<\/div>\n<\/div>\n<div class=\"row wpb_row row-fluid full-width-row\">\n<div class=\"col_izq wpb_column columns small-12 medium-6 thb-dark-column\">\n<div class=\"vc_column-inner  \">\n<div class=\"wpb_wrapper\">\n<div class=\"wpb_text_column wpb_content_element  \">\n<div class=\"wpb_wrapper\">\n<p>La secretaria general del PSIB-PSOE, Francina Armengol, durant l&#8217;acte celebrat avui a Ariany amb la milit\u00e0ncia de la Part Forana de Mallorca, ha agra\u00eft als m\u00e9s de 200 assistents el suport i la implicaci\u00f3 demostrada durant aquests mesos de pand\u00e8mia i, dins el marc dels Congressos del PSIB-PSOE i dels Socialistes de Mallorca, ha fet una crida a la participaci\u00f3 &#8220;perqu\u00e8 amb les vostres idees i aportacions definirem el nostre futur&#8221;.<\/p>\n<p>&#8220;Tenim un projecte s\u00f2lid, un partit unit i les persones i el talent per continuar fent avan\u00e7ar aquestes illes i per seguir impulsant les majors transformacions de la nostra hist\u00f2ria, com sempre hem fet els socialistes&#8221;, ha expressat, Armengol, real\u00e7ant que \u201cel PSIB-PSOE \u00e9s el partit que m\u00e9s s\u2019assembla a la societat de les Illes i que millor pot representar els seus interessos\u201d.<\/p>\n<p>Armengol tamb\u00e9 ha insistit que &#8220;\u00e9s fonamental que centrem tots els esfor\u00e7os a generar m\u00e9s i millors solucions per una societat m\u00e9s justa, \u00e8tica, igualit\u00e0ria, sostenible, social, culta, innovadora i integradora; valors que ens defineixen i que hem impulsat des del nostre partit amb tots els militants que posau l&#8217;energia i les idees a cada gran avan\u00e7 d&#8217;aquesta societat&#8221;.<\/p>\n<p>La socialista, aix\u00ed mateix, ha manifestat que &#8220;units farem avan\u00e7ar aquest partit i el farem cr\u00e9ixer encara m\u00e9s. La unitat \u00e9s la que fa que el nostre partit sigui un partit fort: la unitat i el projecte, perqu\u00e8 aix\u00f2 \u00e9s el que ens diferencia de la resta: nosaltres sabem qu\u00e8 volem, tenim un projecte&#8221;.<\/p>\n<p>En aquest sentit, la secret\u00e0ria general del PSIB-PSOE ha destacat un full de ruta clar per continuar fent feina per a l&#8217;inter\u00e8s general i &#8220;refor\u00e7ar els serveis p\u00fablics que generen equitat, avan\u00e7ar cap a unes illes sostenibles, modernes, diversificades, amb ocupaci\u00f3 de qualitat i oportunitats per a aut\u00f2noms i empresaris, unes illes cultes i innovadores, que continuen obrint cam\u00ed en drets, en igualtat, en benestar&#8221;.<\/p>\n<p>Per la seva part, Catalina Cladera, Secret\u00e0ria General electa de la Federaci\u00f3 Socialista de Mallorca ha reafirmat la unitat, la for\u00e7a i la solv\u00e8ncia del partit. &#8220;Som la for\u00e7a pol\u00edtica que ha encap\u00e7alat les transformacions socials m\u00e9s importants d&#8217;aquest pa\u00eds, la que compta amb la major implantaci\u00f3 territorial a les Illes i la que, sense dubte, pot seguir canviant la hist\u00f2ria de Mallorca&#8221;.<\/p>\n<\/p><\/div><\/div>\n<\/div>\n<\/div>\n<\/div>\n<div class=\"col_dcha wpb_column columns small-12 medium-6 thb-dark-column\">\n<div class=\"vc_column-inner  \">\n<div class=\"wpb_wrapper\">\n<div class=\"wpb_text_column wpb_content_element  \">\n<div class=\"wpb_wrapper\">\n<p>Cladera ha insistit en la import\u00e0ncia de \u201crefor\u00e7ar els valors del socialisme a cada rac\u00f3 de l&#8217;illa i consolidar el nostre projecte de futur des de la base, amb orgull i il\u00b7lusi\u00f3, perqu\u00e8 cada militant compta i amb la for\u00e7a de tots i totes governarem una tercera legislatura a les Illes, a Mallorca i a cada ajuntament&#8221;.<\/p>\n<p>Aix\u00ed mateix, ha fet una crida als militants &#8220;per no conformar-nos i no relaxar-nos\u201d. \u201cTot i que els socialistes hem fet i feim avan\u00e7ar la nostra societat en drets i llibertats, amb pol\u00edtiques valentes i havent demostrat les nostres capacitats gestionant una crisi sense precedents, hem de continuar explicant el nostre projecte, valors i propostes per abordar els reptes de futur, com l&#8217;emerg\u00e8ncia clim\u00e0tica, l&#8217;habitatge o les pol\u00edtiques feministes amb les quals arribarem a la igualtat real&#8221;.<\/p>\n<p>Mercedes Garrido, Secret\u00e0ria General de la Federaci\u00f3 Socialista de Mallorca, ha manifestat que &#8220;aquest partit, unit, \u00e9s imparable\u201d i que per aix\u00f2 \u201ctenim l&#8217;immens repte d&#8217;incrementar el suport rebut el 2019 i articular noves majories des del suport majoritari de la nostra ciutadania&#8221;.<\/p>\n<p>Garrido ha emfasitzat que &#8220;on hi ha un socialista, hi ha una persona que se&#8217;n fa c\u00e0rrec de la vida dels altres&#8221; i ha recordat a tota la milit\u00e0ncia que &#8220;els valors socialistes s\u00f3n els de la majoria que aposta per una societat m\u00e9s justa i per una comunitat que empari aquells que ho passen pitjor\u201d.<\/p>\n<p>&#8220;Si feim una breu ullada als darrers quaranta anys, veurem que els socialistes sempre hem estat una for\u00e7a imprescindible, sempre hem exercit el lideratge de l&#8217;alternativa a la dreta, que fins fa poc temps semblava hegem\u00f2nica\u201d, ha recordat Garrido, alhora que ha afirmat que \u201cen democr\u00e0cia, els canvis duen la nostra signatura, i sempre que aquesta terra ha avan\u00e7at ha estat gr\u00e0cies a la feina dels nostres representants\u201d.<\/p>\n<p>Per finalitzar, Garrido ha encoratjat la milit\u00e0ncia a afrontar els congressos del partit que se celebraran en les pr\u00f2ximes setmanes &#8220;de la manera que ho feim els socialistes: amb unitat, amb generositat, amb sentit com\u00fa i pensant nom\u00e9s en com enfortir m\u00e9s encara el nostre projecte&#8221;.<\/p>\n<\/p><\/div><\/div>\n<\/div>\n<\/div>\n<\/div>\n<\/div>\n<p>Source: Actualitat Fedaraci\u00f3 Mallorca<\/p>\n","protected":false},"excerpt":{"rendered":"<p>Les secret\u00e0ries generals del PSIB-PSOE i de la Federaci\u00f3 Socialista de Mallorca, Francina Armengol i Mercedes Garrido, i la secret\u00e0ria general electa de la FSM, Catalina Cladera, participen en una trobada precongressual amb militants de la Part Forana La secretaria general del PSIB-PSOE, Francina Armengol, durant l&#8217;acte celebrat avui a Ariany amb la milit\u00e0ncia de&hellip;<\/p>\n","protected":false},"author":1,"featured_media":26259,"comment_status":"closed","ping_status":"open","sticky":false,"template":"","format":"standard","meta":{"footnotes":""},"categories":[188,2,92],"tags":[77],"class_list":["post-26258","post","type-post","status-publish","format-standard","has-post-thumbnail","hentry","category-14e-congres-fsm","category-federacio-de-mallorca","category-portada","tag-federacio-socialista-de-mallorca"],"_links":{"self":[{"href":"https:\/\/www.psib-psoe.org\/mallorca\/wp-json\/wp\/v2\/posts\/26258"}],"collection":[{"href":"https:\/\/www.psib-psoe.org\/mallorca\/wp-json\/wp\/v2\/posts"}],"about":[{"href":"https:\/\/www.psib-psoe.org\/mallorca\/wp-json\/wp\/v2\/types\/post"}],"author":[{"embeddable":true,"href":"https:\/\/www.psib-psoe.org\/mallorca\/wp-json\/wp\/v2\/users\/1"}],"replies":[{"embeddable":true,"href":"https:\/\/www.psib-psoe.org\/mallorca\/wp-json\/wp\/v2\/comments?post=26258"}],"version-history":[{"count":0,"href":"https:\/\/www.psib-psoe.org\/mallorca\/wp-json\/wp\/v2\/posts\/26258\/revisions"}],"wp:featuredmedia":[{"embeddable":true,"href":"https:\/\/www.psib-psoe.org\/mallorca\/wp-json\/wp\/v2\/media\/26259"}],"wp:attachment":[{"href":"https:\/\/www.psib-psoe.org\/mallorca\/wp-json\/wp\/v2\/media?parent=26258"}],"wp:term":[{"taxonomy":"category","embeddable":true,"href":"https:\/\/www.psib-psoe.org\/mallorca\/wp-json\/wp\/v2\/categories?post=26258"},{"taxonomy":"post_tag","embeddable":true,"href":"https:\/\/www.psib-psoe.org\/mallorca\/wp-json\/wp\/v2\/tags?post=26258"}],"curies":[{"name":"wp","href":"https:\/\/api.w.org\/{rel}","templated":true}]}}