{"id":26272,"date":"2021-11-19T18:28:50","date_gmt":"2021-11-19T16:28:50","guid":{"rendered":"http:\/\/www.psib-psoe.org\/mallorca\/?p=26272"},"modified":"2021-11-19T18:39:38","modified_gmt":"2021-11-19T16:39:38","slug":"els-socialistes-de-felanitx-expressen-la-seva-preocupacio-davant-la-indemnitzacio-milionaria-que-haura-dassumir-lajuntament-tres-la-sentencia-del-suprem-sobre-la-zona-verda-de-portoc","status":"publish","type":"post","link":"https:\/\/www.psib-psoe.org\/mallorca\/els-socialistes-de-felanitx-expressen-la-seva-preocupacio-davant-la-indemnitzacio-milionaria-que-haura-dassumir-lajuntament-tres-la-sentencia-del-suprem-sobre-la-zona-verda-de-portoc\/","title":{"rendered":"Els socialistes de Felanitx expressen la seva preocupaci\u00f3 davant la indemnitzaci\u00f3 milion\u00e0ria que haur\u00e0 d\u2019assumir l\u2019Ajuntament davant la sent\u00e8ncia del Suprem sobre la zona verda de Portocolom"},"content":{"rendered":"<div class=\"wpb-content-wrapper\">[vc_row][vc_column][vc_single_image image=&#8221;26273&#8243; img_size=&#8221;full&#8221; alignment=&#8221;center&#8221;][\/vc_column][\/vc_row][vc_row][vc_column][vc_column_text]<em><u>Xisco Duarte, portaveu del grup municipal socialista, lamenta que els ciutadans de Felanitx \u201csiguin representats per uns gestors que prioritzen el clientelisme per sobre de l\u2019inter\u00e8s general i que deixen una her\u00e8ncia de deute pels anys vinents\u201d<\/u><\/em>[\/vc_column_text][\/vc_column][\/vc_row][vc_row][vc_column width=&#8221;1\/2&#8243;][vc_column_text]L&#8217;Ajuntament de Felanitx haur\u00e0 de pagar indemnitzaci\u00f3 als propietaris de la parcel\u00b7la de Portocolom per haver-la declarat no urbanitzable. Una quantia 5,2 milions d&#8217;euros, a la que s&#8217;hauran d&#8217;afegir 500 euros diaris d&#8217;interessos generats i que previsiblement rondar\u00e0 els 8 milions d&#8217;euros.<\/p>\n<p>El portaveu dels socialistes de Felanitx, Xisco Duarte, aclareix que \u201cavui s&#8217;ha fet p\u00fablic que el Tribunal Suprem no ha adm\u00e8s, ni a tr\u00e0mit, el darrer intent de l&#8217;ajuntament per no fer front a la milion\u00e0ria indemnitzaci\u00f3 derivada d\u2019aquesta sent\u00e8ncia\u201d.<\/p>\n<p>Duarte explica que &#8220;ara mateix, l&#8217;Ajuntament no disposa de la quantitat necess\u00e0ria fer front a aquesta despesa. Despr\u00e9s d&#8217;un any que l&#8217;equip de govern del PP, el Pi i el regidor tr\u00e0nsfuga, han centrat la seva gesti\u00f3 econ\u00f2mica en el malbaratament dels doblers p\u00fablics. La falta de planificaci\u00f3 i execuci\u00f3, modificant el pressupost en m\u00e9s de 7,8 milions d\u2019euros provinents del super\u00e0vit i augmentant a m\u00e0xims la despesa corrent, que com a resultat han deixat el calaix municipal buit&#8221;.[\/vc_column_text][\/vc_column][vc_column width=&#8221;1\/2&#8243;][vc_column_text]Els socialistes incideixen que 2020 va tancar amb un super\u00e0vit de 9,8 M \u20ac fruit de la bona gesti\u00f3 municipal dels darrers cinc anys.<\/p>\n<p>\u201cEren estalvis que ara permetrien a l&#8217;Ajuntament afrontar amb fortalesa econ\u00f2mica la previsible sent\u00e8ncia a zona verda de Portocolom. Ara, amb les arques municipals eixutes, s&#8217;haur\u00e0 de rec\u00f3rrer al deute per fer front a la sent\u00e8ncia\u201d, assenyala Duarte.<\/p>\n<p>\u201cEls ciutadans de Felanitx no mereixen uns gestors que prioritzen el clientelisme per sobre dels interessos dels felanitxers i felanitxers i que deixen una her\u00e8ncia de deute pels anys vinents\u201d, conclou.[\/vc_column_text][\/vc_column][\/vc_row]\n<\/div>","protected":false},"excerpt":{"rendered":"<p>[vc_row][vc_column][vc_single_image image=&#8221;26273&#8243; img_size=&#8221;full&#8221; alignment=&#8221;center&#8221;][\/vc_column][\/vc_row][vc_row][vc_column][vc_column_text]Xisco Duarte, portaveu del grup municipal socialista, lamenta que els ciutadans de Felanitx \u201csiguin representats per uns gestors que prioritzen el clientelisme per sobre de l\u2019inter\u00e8s general i que deixen una her\u00e8ncia de deute pels anys vinents\u201d[\/vc_column_text][\/vc_column][\/vc_row][vc_row][vc_column width=&#8221;1\/2&#8243;][vc_column_text]L&#8217;Ajuntament de Felanitx haur\u00e0 de pagar indemnitzaci\u00f3 als propietaris de la parcel\u00b7la de Portocolom per&hellip;<\/p>\n","protected":false},"author":6,"featured_media":26273,"comment_status":"open","ping_status":"open","sticky":false,"template":"","format":"standard","meta":{"footnotes":""},"categories":[2,90,92],"tags":[],"class_list":["post-26272","post","type-post","status-publish","format-standard","has-post-thumbnail","hentry","category-federacio-de-mallorca","category-municipis","category-portada"],"_links":{"self":[{"href":"https:\/\/www.psib-psoe.org\/mallorca\/wp-json\/wp\/v2\/posts\/26272"}],"collection":[{"href":"https:\/\/www.psib-psoe.org\/mallorca\/wp-json\/wp\/v2\/posts"}],"about":[{"href":"https:\/\/www.psib-psoe.org\/mallorca\/wp-json\/wp\/v2\/types\/post"}],"author":[{"embeddable":true,"href":"https:\/\/www.psib-psoe.org\/mallorca\/wp-json\/wp\/v2\/users\/6"}],"replies":[{"embeddable":true,"href":"https:\/\/www.psib-psoe.org\/mallorca\/wp-json\/wp\/v2\/comments?post=26272"}],"version-history":[{"count":0,"href":"https:\/\/www.psib-psoe.org\/mallorca\/wp-json\/wp\/v2\/posts\/26272\/revisions"}],"wp:featuredmedia":[{"embeddable":true,"href":"https:\/\/www.psib-psoe.org\/mallorca\/wp-json\/wp\/v2\/media\/26273"}],"wp:attachment":[{"href":"https:\/\/www.psib-psoe.org\/mallorca\/wp-json\/wp\/v2\/media?parent=26272"}],"wp:term":[{"taxonomy":"category","embeddable":true,"href":"https:\/\/www.psib-psoe.org\/mallorca\/wp-json\/wp\/v2\/categories?post=26272"},{"taxonomy":"post_tag","embeddable":true,"href":"https:\/\/www.psib-psoe.org\/mallorca\/wp-json\/wp\/v2\/tags?post=26272"}],"curies":[{"name":"wp","href":"https:\/\/api.w.org\/{rel}","templated":true}]}}