{"id":26284,"date":"2021-11-22T18:02:07","date_gmt":"2021-11-22T16:02:07","guid":{"rendered":"http:\/\/www.psib-psoe.org\/mallorca\/?p=26284"},"modified":"2021-11-22T18:02:30","modified_gmt":"2021-11-22T16:02:30","slug":"aprovacio-inicial-dels-pressuposts-2022-del-consell-els-mes-grans-de-la-seva-historia-per-reforcar-lescut-social-consolidar-les-politiques-per-la-recuperacio-justa-i-impulsar-accions-per-un-creix","status":"publish","type":"post","link":"https:\/\/www.psib-psoe.org\/mallorca\/aprovacio-inicial-dels-pressuposts-2022-del-consell-els-mes-grans-de-la-seva-historia-per-reforcar-lescut-social-consolidar-les-politiques-per-la-recuperacio-justa-i-impulsar-accions-per-un-creix\/","title":{"rendered":"Aprovaci\u00f3 inicial dels Pressuposts 2022 del Consell, els m\u00e9s grans de la seva hist\u00f2ria, per refor\u00e7ar l&#8217;escut social, consolidar les pol\u00edtiques per la recuperaci\u00f3 justa i impulsar accions per un creixement sostenible"},"content":{"rendered":"<div class=\"wpb-content-wrapper\">[vc_row][vc_column][vc_single_image image=&#8221;26285&#8243; img_size=&#8221;full&#8221; alignment=&#8221;center&#8221;][\/vc_column][\/vc_row][vc_row][vc_column][vc_column_text]<em><u>El portaveu del grup socialista, Andreu Alcover, valora el vessant social i mediambiental dels comptes de la instituci\u00f3 insular per l&#8217;any vinent, destaca l&#8217;aposta pel municipalisme i l&#8217;enfortiment de l&#8217;administraci\u00f3 insular amb les plenes compet\u00e8ncies de Turisme<\/u><\/em>[\/vc_column_text][\/vc_column][\/vc_row][vc_row][vc_column width=&#8221;1\/2&#8243;][vc_column_text]Avui s&#8217;han aprovat els Pressuposts del Consell de Mallorca per l&#8217;any 2022, uns comptes que han crescut any a any des que les forces de progr\u00e9s governen a la instituci\u00f3 insular, incrementant-se les partides socials fins a un 70% respecte del 2015.<\/p>\n<p>Andreu Alcover, portaveu del grup socialista, ha valorat molt positivament el pressupost previst per la instituci\u00f3 insular per l&#8217;any 2022 &#8220;unes comptes que creixen per consolidar les pol\u00edtiques de recuperaci\u00f3 econ\u00f2mica, amb m\u00e9s despesa social que mai i un clar refor\u00e7 dels serveis p\u00fablics als municipis de Mallorca, fent costat als ajuntaments&#8221;, expressa.<\/p>\n<p>Aix\u00ed mateix, Alcover incideix que els Pressuposts 2022, que poden arribar a 600 milions d&#8217;euros, &#8220;inclouen inversions importants i transversals per assolir la transici\u00f3 cap a un futur m\u00e9s sostenible, cap a una Mallorca m\u00e9s justa, m\u00e9s verda i m\u00e9s resilient&#8221;.<\/p>\n<p>El portaveu ha lamentat que els grups de la dreta, Partit Popular, Vox i Ciutadans no han fet aportacions en benefici dels ciutadans i ciutadanes de Mallorca.<\/p>\n<p>&#8220;Han tornat a mostrar les seves incoher\u00e8ncies presentant esmenes a la totalitat i sense proposar cap partida ni cap proposta efectiva. \u00c9s incre\u00efble que el Partit Popular hagi tornat a presentar un text amb errades i plagiat per tercer any consecutiu, la qual cosa es tradueix en una falta manifesta de capacitat&#8221;, den\u00fancia.[\/vc_column_text][\/vc_column][vc_column width=&#8221;1\/2&#8243;][vc_column_text]Alcover assenyala que &#8220;un any m\u00e9s, la instituci\u00f3 insular incrementa les partides en serveis i recursos per a la gent gran, per la joventut, per a programes d&#8217;igualtat i de lluita contra les viol\u00e8ncies masclistes, per a dinamitzaci\u00f3 i promoci\u00f3 sociocultural i esportiva&#8230; i a m\u00e9s a m\u00e9s, amb el trasp\u00e0s de les compet\u00e8ncies d&#8217;ordenaci\u00f3 i inspecci\u00f3 tur\u00edstica, tamb\u00e9 s&#8217;incrementa un pressupost, en un 60%, que servir\u00e0 per a seguir fent feina en un turisme m\u00e9s sostenible a Mallorca&#8221;.<\/p>\n<p>En aquest sentit, Alcover tamb\u00e9 ha valorat positivament l&#8217;aprovaci\u00f3 del trasp\u00e0s de les compet\u00e8ncies d&#8217;ordenaci\u00f3 i inspecci\u00f3 tur\u00edstiques que tamb\u00e9 s&#8217;ha materialitzat al Ple extraordinari d&#8217;avui.<\/p>\n<p>Per altra banda, el portaveu del grup socialista destaca &#8220;l&#8217;aposta clara pel municipalisme, la qual tamb\u00e9 es reflecteix als Pressuposts 2022 del Consell de Mallorca, amb m\u00e9s de 40 milions d&#8217;euros en inversions municipals consensuades amb cada ajuntament i que serviran per a continuar millorant la qualitat de vida dels ciutadans i ciutadanes&#8221;.<\/p>\n<p>El Ple d&#8217;avui ha estrenat la nova composici\u00f3 de l&#8217;equip de govern del Consell, amb Javier de Juan com a conseller de Presid\u00e8ncia i Sofia Alonso, com a consellera de Drets Socials. I ha comptat, aix\u00ed mateix, amb la pres\u00e8ncia de Teresa Su\u00e1rez, que deixa el seu c\u00e0rrec per motius personals, i que s&#8217;ha acomiadat de tota la corporaci\u00f3 mostrant tota la seva gratitud.[\/vc_column_text][\/vc_column][\/vc_row]\n<\/div>","protected":false},"excerpt":{"rendered":"<p>[vc_row][vc_column][vc_single_image image=&#8221;26285&#8243; img_size=&#8221;full&#8221; alignment=&#8221;center&#8221;][\/vc_column][\/vc_row][vc_row][vc_column][vc_column_text]El portaveu del grup socialista, Andreu Alcover, valora el vessant social i mediambiental dels comptes de la instituci\u00f3 insular per l&#8217;any vinent, destaca l&#8217;aposta pel municipalisme i l&#8217;enfortiment de l&#8217;administraci\u00f3 insular amb les plenes compet\u00e8ncies de Turisme[\/vc_column_text][\/vc_column][\/vc_row][vc_row][vc_column width=&#8221;1\/2&#8243;][vc_column_text]Avui s&#8217;han aprovat els Pressuposts del Consell de Mallorca per l&#8217;any 2022, uns comptes que&hellip;<\/p>\n","protected":false},"author":6,"featured_media":26285,"comment_status":"open","ping_status":"open","sticky":false,"template":"","format":"standard","meta":{"footnotes":""},"categories":[89,92],"tags":[],"class_list":["post-26284","post","type-post","status-publish","format-standard","has-post-thumbnail","hentry","category-consell-de-mallorca","category-portada"],"_links":{"self":[{"href":"https:\/\/www.psib-psoe.org\/mallorca\/wp-json\/wp\/v2\/posts\/26284"}],"collection":[{"href":"https:\/\/www.psib-psoe.org\/mallorca\/wp-json\/wp\/v2\/posts"}],"about":[{"href":"https:\/\/www.psib-psoe.org\/mallorca\/wp-json\/wp\/v2\/types\/post"}],"author":[{"embeddable":true,"href":"https:\/\/www.psib-psoe.org\/mallorca\/wp-json\/wp\/v2\/users\/6"}],"replies":[{"embeddable":true,"href":"https:\/\/www.psib-psoe.org\/mallorca\/wp-json\/wp\/v2\/comments?post=26284"}],"version-history":[{"count":0,"href":"https:\/\/www.psib-psoe.org\/mallorca\/wp-json\/wp\/v2\/posts\/26284\/revisions"}],"wp:featuredmedia":[{"embeddable":true,"href":"https:\/\/www.psib-psoe.org\/mallorca\/wp-json\/wp\/v2\/media\/26285"}],"wp:attachment":[{"href":"https:\/\/www.psib-psoe.org\/mallorca\/wp-json\/wp\/v2\/media?parent=26284"}],"wp:term":[{"taxonomy":"category","embeddable":true,"href":"https:\/\/www.psib-psoe.org\/mallorca\/wp-json\/wp\/v2\/categories?post=26284"},{"taxonomy":"post_tag","embeddable":true,"href":"https:\/\/www.psib-psoe.org\/mallorca\/wp-json\/wp\/v2\/tags?post=26284"}],"curies":[{"name":"wp","href":"https:\/\/api.w.org\/{rel}","templated":true}]}}