{"id":26351,"date":"2021-11-28T14:31:38","date_gmt":"2021-11-28T12:31:38","guid":{"rendered":"http:\/\/www.psib-psoe.org\/mallorca\/?p=26351"},"modified":"2021-11-30T15:15:36","modified_gmt":"2021-11-30T13:15:36","slug":"cladera-illa-i-puig-defensen-al-14e-congres-del-psib-psoe-la-descentralitzacio-de-ladministracio-i-un-nou-sistema-de-financament-equitatiu-treballat-des-de-la-cogovernanca","status":"publish","type":"post","link":"https:\/\/www.psib-psoe.org\/mallorca\/cladera-illa-i-puig-defensen-al-14e-congres-del-psib-psoe-la-descentralitzacio-de-ladministracio-i-un-nou-sistema-de-financament-equitatiu-treballat-des-de-la-cogovernanca\/","title":{"rendered":"Cladera, Illa i Puig defensen al 14\u00e8 Congr\u00e9s del PSIB-PSOE la descentralitzaci\u00f3 de l\u2019Administraci\u00f3 i un nou sistema de finan\u00e7ament equitatiu treballat des de la cogovernan\u00e7a"},"content":{"rendered":"<div class=\"wpb-content-wrapper\">[vc_row][vc_column][vc_single_image image=&#8221;26352&#8243; img_size=&#8221;full&#8221; alignment=&#8221;center&#8221;][\/vc_column][\/vc_row][vc_row][vc_column][vc_column_text]<em><u>La segona jornada del congr\u00e9s dels socialistes de les Illes Balears ha incl\u00f2s el col\u00b7loqui &#8216;\u2018Eix Mediterrani: treballem pel que ens uneix\u2019 amb la intervenci\u00f3 dels secretaris generals del partit socialista de Catalunya i de la Comunitat Valenciana<\/u><\/em>[\/vc_column_text][\/vc_column][\/vc_row][vc_row][vc_column width=&#8221;1\/2&#8243;][vc_column_text]La segona jornada del 14\u00e8 Congr\u00e9s PSIB-PSOE ha comptat amb la participaci\u00f3 de Ximo Puig, secretari general de PSPV-PSOE i president de la Generalitat Valenciana i Salvador Illa, primer secretari del PSC. Ambd\u00f3s han intervingut al col\u00b7loqui &#8216;Eix Mediterrani: treballem pel que ens uneix&#8217;, un debat moderat per Catalina Cladera, secret\u00e0ria general electa de la Federaci\u00f3 Socialista de Mallorca i presidenta del Consell de Mallorca.<\/p>\n<p>Catalina Cladera ha plantejat q\u00fcestions relacionades amb el sistema de finan\u00e7ament, la import\u00e0ncia dels recursos que s&#8217;han destinat a afrontar la pand\u00e8mia i la reactivaci\u00f3 econ\u00f2mica gr\u00e0cies als governs socialistes. Tamb\u00e9 ha plantejat el repte demogr\u00e0fic a les Illes Balears i altres comunitats on el creixement poblacional obliga a incrementar serveis p\u00fablics.<\/p>\n<p>En aquest sentit, tant Ximo Puig com a Salvador Illa han defensat la gesti\u00f3 socialista que s&#8217;ha fet des del Govern de l&#8217;Estat i des de les comunitats aut\u00f2nomes per a gestionar la crisi.<\/p>\n<p>&#8220;Aquesta gesti\u00f3 hauria estat molt diferent si no hagu\u00e9s tingut un govern progressista a Espanya, el govern m\u00e9s federalista que hem tingut mai a aquest pa\u00eds. Sense dubte, la cogovernan\u00e7a ha perm\u00e8s gestionar millor la crisi&#8221;, ha expressat Ximo Puig.<\/p>\n<p>Salvador Illa, per la seva part, ha defensat la gesti\u00f3 responsable d&#8217;aquesta pand\u00e8mia i ha destacat que s&#8217;ha posat de manifest, m\u00e9s que mai, la import\u00e0ncia de comptar amb uns serveis p\u00fablics forts per protegir a les persones, tant des de l&#8217;\u00e0mbit sanitari i de salut p\u00fablica, com des del punt de vista d&#8217;un escut social just.<\/p>\n<p>&#8220;El nou model de finan\u00e7ament ha de garantir la igualtat dels ciutadans, i al mateix temps preservar la singularitat dels territoris&#8221;, ha destacat Ximo Puig, qui ha explicat com l&#8217;any 2014, &#8220;qu\u00e8 \u00e9s quan havia d&#8217;haver hagut un canvi en el sistema de finan\u00e7ament, la dreta ho va fer impossible&#8221;.<\/p>\n<p>Puig ha volgut posar l&#8217;\u00e8mfasi en les grans difer\u00e8ncies que en aquest sentit est\u00e0 marcant un govern progressista &#8220;encara que no hem arribat a un nou model de finan\u00e7ament, el Govern de Pedro S\u00e1nchez, mentrestant ha impulsat dos fons extraordinaris, un de 16 mil milions i un altre de 13 mil milions, per tal d&#8217;ajudar a les comunitats aut\u00f2nomes a prestar aquests serveis que durant la pand\u00e8mia han estat extraordin\u00e0riament complexos&#8221;, ha explicat.[\/vc_column_text][\/vc_column][vc_column width=&#8221;1\/2&#8243;][vc_column_text]&#8221;El govern est\u00e0 treballant en la reforma fiscal, cercant solucions estables, fiables i que garanteixin l&#8217;equitat i la sufici\u00e8ncia financera&#8221;, ha afegit Puig.<\/p>\n<p>Salvador Illa ha explicat que la pand\u00e8mia ha suposat un aprenentatge per tots a l&#8217;hora de congestionar una situaci\u00f3 tan complicada. &#8220;El nou sistema de finan\u00e7ament s&#8217;ha de fer des de la cogovernan\u00e7a, amb elements de transici\u00f3 i de gradualisme entre el sistema actual i el nou model que s&#8217;acordi&#8221;.<\/p>\n<p>&#8220;El sistema de finan\u00e7ament \u00e9s essencial per als serveis b\u00e0sics i \u00e9s una eina fonamental per garantir una recuperaci\u00f3 amb just\u00edcia social&#8221;, ha afegit.<\/p>\n<p>Respecte a la descentralitzaci\u00f3 de l&#8217;Administraci\u00f3, tots tres han considerat que concentrar-ho tot en Madrid \u00e9s perjudicial per a Espanya i que aquesta q\u00fcesti\u00f3 \u00e9s cabdal pel corredor mediterrani. En aquest sentit, han agra\u00eft tamb\u00e9 a Pedro S\u00e1nchez l&#8217;obertura d&#8217;aquest debat per arribar a una descentralitzaci\u00f3 que beneficiaria a tots els ciutadans. I han destacat la diversitat i pluralitat d&#8217;Espanya<\/p>\n<p>Quant al corredor mediterrani, i la import\u00e0ncia que t\u00e9 per tota Europa, tant Puig com Illa han destacat l&#8217;oportunitat que ofereixen els Fons Next Generation per fer una transici\u00f3 justa i m\u00e9s sostenible. &#8220;El futur \u00e9s aquesta d\u00e8cada, els pr\u00f2xims deu anys s\u00f3n crucials&#8221;, ha afirmat Puig.<\/p>\n<p>En aquest sentit, tant Puig com Illa han incidit en el valor que tenen les aliances &#8220;perqu\u00e8 junts som m\u00e9s forts&#8221;.<\/p>\n<p>Parlant de socialisme i de les pr\u00f2ximes eleccions, tots tres han parlat del projecte de futur del PSOE a tot el pa\u00eds &#8220;Som el projecte de la majoria social, el projecte que millor representa a tota una societat plural. EL nostre projecte socialdem\u00f2crata \u00e9s el que vertaderament cohesiona la societat&#8221;.[\/vc_column_text][\/vc_column][\/vc_row]\n<\/div>","protected":false},"excerpt":{"rendered":"<p>[vc_row][vc_column][vc_single_image image=&#8221;26352&#8243; img_size=&#8221;full&#8221; alignment=&#8221;center&#8221;][\/vc_column][\/vc_row][vc_row][vc_column][vc_column_text]La segona jornada del congr\u00e9s dels socialistes de les Illes Balears ha incl\u00f2s el col\u00b7loqui &#8216;\u2018Eix Mediterrani: treballem pel que ens uneix\u2019 amb la intervenci\u00f3 dels secretaris generals del partit socialista de Catalunya i de la Comunitat Valenciana[\/vc_column_text][\/vc_column][\/vc_row][vc_row][vc_column width=&#8221;1\/2&#8243;][vc_column_text]La segona jornada del 14\u00e8 Congr\u00e9s PSIB-PSOE ha comptat amb la participaci\u00f3 de Ximo&hellip;<\/p>\n","protected":false},"author":6,"featured_media":26352,"comment_status":"open","ping_status":"open","sticky":false,"template":"","format":"standard","meta":{"footnotes":""},"categories":[89,2,92],"tags":[],"class_list":["post-26351","post","type-post","status-publish","format-standard","has-post-thumbnail","hentry","category-consell-de-mallorca","category-federacio-de-mallorca","category-portada"],"_links":{"self":[{"href":"https:\/\/www.psib-psoe.org\/mallorca\/wp-json\/wp\/v2\/posts\/26351"}],"collection":[{"href":"https:\/\/www.psib-psoe.org\/mallorca\/wp-json\/wp\/v2\/posts"}],"about":[{"href":"https:\/\/www.psib-psoe.org\/mallorca\/wp-json\/wp\/v2\/types\/post"}],"author":[{"embeddable":true,"href":"https:\/\/www.psib-psoe.org\/mallorca\/wp-json\/wp\/v2\/users\/6"}],"replies":[{"embeddable":true,"href":"https:\/\/www.psib-psoe.org\/mallorca\/wp-json\/wp\/v2\/comments?post=26351"}],"version-history":[{"count":0,"href":"https:\/\/www.psib-psoe.org\/mallorca\/wp-json\/wp\/v2\/posts\/26351\/revisions"}],"wp:featuredmedia":[{"embeddable":true,"href":"https:\/\/www.psib-psoe.org\/mallorca\/wp-json\/wp\/v2\/media\/26352"}],"wp:attachment":[{"href":"https:\/\/www.psib-psoe.org\/mallorca\/wp-json\/wp\/v2\/media?parent=26351"}],"wp:term":[{"taxonomy":"category","embeddable":true,"href":"https:\/\/www.psib-psoe.org\/mallorca\/wp-json\/wp\/v2\/categories?post=26351"},{"taxonomy":"post_tag","embeddable":true,"href":"https:\/\/www.psib-psoe.org\/mallorca\/wp-json\/wp\/v2\/tags?post=26351"}],"curies":[{"name":"wp","href":"https:\/\/api.w.org\/{rel}","templated":true}]}}