{"id":26357,"date":"2021-11-30T13:06:00","date_gmt":"2021-11-30T11:06:00","guid":{"rendered":"http:\/\/www.psib-psoe.org\/mallorca\/?p=26357"},"modified":"2021-11-30T13:06:00","modified_gmt":"2021-11-30T11:06:00","slug":"els-socialistes-de-mallorca-debatran-el-dissabte-sobre-sostenibilitat-garantia-de-drets-i-el-paper-del-consell-de-mallorca","status":"publish","type":"post","link":"https:\/\/www.psib-psoe.org\/mallorca\/els-socialistes-de-mallorca-debatran-el-dissabte-sobre-sostenibilitat-garantia-de-drets-i-el-paper-del-consell-de-mallorca\/","title":{"rendered":"Els Socialistes de Mallorca debatran el dissabte sobre sostenibilitat, garantia de drets i el paper del Consell de Mallorca"},"content":{"rendered":"<div class=\"wpb-content-wrapper\">[vc_row][vc_column][vc_single_image image=&#8221;26358&#8243; img_size=&#8221;full&#8221; alignment=&#8221;center&#8221;][\/vc_column][\/vc_row][vc_row][vc_column][vc_column_text]<em><u>Les 47 agrupacions locals han nomenat 169 delegats i delegades que debatran les 55 esmenes presentades a la Pon\u00e8ncia Marc del 14\u00e8 Congr\u00e9s de la FSM <\/u><\/em>[\/vc_column_text][\/vc_column][\/vc_row][vc_row][vc_column width=&#8221;1\/2&#8243;][vc_column_text]La milit\u00e0ncia de les agrupacions socialistes de Mallorca ha presentat 55 esmenes a la Pon\u00e8ncia Marc del 14\u00e8 Congr\u00e9s de la FSM, document que ser\u00e0 el full de ruta per a renovar i consolidar el projecte pol\u00edtic a tots els municipis de l&#8217;illa.<\/p>\n<p>Des del 23 d&#8217;octubre i fins al 14 de novembre, les 47 agrupacions locals de Mallorca han celebrat assemblees per traslladar el debat a la milit\u00e0ncia, fer aportacions al document i aprovar o rebutjar les esmenes presentades.<\/p>\n<p>El pr\u00f2xim dissabte 4 de desembre, en el Conservatori de Palma, culminar\u00e0 aquest proc\u00e9s de debat i participaci\u00f3 amb la celebraci\u00f3 del 14\u00e8 Congr\u00e9s dels Socialistes de Mallorca, al qual participaran els 169 delegats i delegades nomenats per cada una de les agrupacions locals i per les Joventuts Socialistes de Mallorca.<\/p>\n<p>Les esmenes es debatran en el congr\u00e9s i es votaran en comissi\u00f3 per part dels delegats i delegades.<\/p>\n<p>En la redacci\u00f3 inicial de la Pon\u00e8ncia Marc -coordinada pel president de la Comissi\u00f3 Executiva de la FSM, Cosme Bonet- han participat: Andreu Alcover, Bea Gamund\u00ed, Omar Lamin, Juli Dalmau, Rosa Bestard, Miquel Vadell, Nati Franc\u00e9s i Maria Bel Llin\u00e0s.<\/p>\n<p>Pon\u00e8ncia Marc<br \/>\nLa Pon\u00e8ncia Marc del 14\u00e8 Congr\u00e9s de la FSM desenvolupa tres eixos clau per a Mallorca.<\/p>\n<p>El primer eix, &#8216;Sostenibilitat i model productiu&#8217;, aborda temes relacionats amb la crisi clim\u00e0tica, amb els recursos naturals, amb l&#8217;energia, la protecci\u00f3 del territori i la mobilitat a un territori com a Mallorca. Aix\u00ed mateix, recull propostes per un desenvolupament econ\u00f2mic diversificat i sostenible i la concreci\u00f3 dels reptes en la gesti\u00f3 i en les pol\u00edtiques del Consell de Mallorca.<br \/>\n[\/vc_column_text][\/vc_column][vc_column width=&#8221;1\/2&#8243;][vc_column_text]El segon eix, &#8216;Consolidaci\u00f3 dels drets de la ciutadania i majors garanties per una recuperaci\u00f3 justa&#8217;, planteja abordar el repte demogr\u00e0fic per garantir una major cohesi\u00f3 social i una igualtat real entre homes i dones. Aborda aix\u00ed mateix l&#8217;agenda per la inclusi\u00f3 social, la resposta a la necessitat de l&#8217;habitatge, a les necessitats infantojuvenils i de gent gran i del col\u00b7lectiu LGTBI.<\/p>\n<p>El tercer eix est\u00e0 enfocat en les institucions i el partit. Sota l&#8217;ep\u00edgraf &#8216;Unes institucions i un partit centrats en la ciutadania&#8217; s&#8217;aborda l&#8217;enfortiment dels serveis p\u00fablics, les pol\u00edtiques del Consell de Mallorca, com a govern insular, i els nou reptes de la Federaci\u00f3 Socialista de Mallorca.<\/p>\n<p><strong>Trobades comarcals <\/strong><\/p>\n<p>A m\u00e9s de les assemblees, durant els dos mesos previs al congr\u00e9s, la secret\u00e0ria general electa dels Socialistes de Mallorca, Catalina Cladera, ha participat en diversos actes amb la milit\u00e0ncia, apropant-se a tots els racons de l&#8217;illa per presentar el seu projecte de futur a les agrupacions locals.<\/p>\n<p>Aix\u00ed, Cladera ha participat en 10 trobades comarcals i en dos grans actes conjunts amb la secret\u00e0ria general del PSIB-PSOE, Francina Armengol, un a sa Pobla i un altre a Ariany.<\/p>\n<p>Tamb\u00e9 s&#8217;ha organitzat una trobada de car\u00e0cter m\u00e9s sectorial amb motiu de la visita de la ministra d&#8217;Educaci\u00f3 i Formaci\u00f3 Professional, Pilar Alegr\u00eda, i en la qual tamb\u00e9 va participar el secretari general de l&#8217;Agrupaci\u00f3 Socialista de Palma i batle del municipi, Jos\u00e9 Hila.[\/vc_column_text][\/vc_column][\/vc_row][vc_row][vc_column][vc_empty_space height=&#8221;50px&#8221;][vc_column_text]\n<h3 style=\"color: #e30613;\"><a href=\"http:\/\/www.psib-psoe.org\/mallorca\/wp-content\/uploads\/PSIB_FSM_ponencia-marc_VF-1.pdf\">PSIB_FSM_ponencia-marc_VF<\/a><\/h3>\n[\/vc_column_text][vc_separator color=&#8221;custom&#8221; align=&#8221;align_left&#8221; border_width=&#8221;3&#8243; el_width=&#8221;10&#8243; accent_color=&#8221;#e30613&#8243;][\/vc_column][\/vc_row]\n<\/div>","protected":false},"excerpt":{"rendered":"<p>[vc_row][vc_column][vc_single_image image=&#8221;26358&#8243; img_size=&#8221;full&#8221; alignment=&#8221;center&#8221;][\/vc_column][\/vc_row][vc_row][vc_column][vc_column_text]Les 47 agrupacions locals han nomenat 169 delegats i delegades que debatran les 55 esmenes presentades a la Pon\u00e8ncia Marc del 14\u00e8 Congr\u00e9s de la FSM [\/vc_column_text][\/vc_column][\/vc_row][vc_row][vc_column width=&#8221;1\/2&#8243;][vc_column_text]La milit\u00e0ncia de les agrupacions socialistes de Mallorca ha presentat 55 esmenes a la Pon\u00e8ncia Marc del 14\u00e8 Congr\u00e9s de la FSM, document que ser\u00e0&hellip;<\/p>\n","protected":false},"author":6,"featured_media":26358,"comment_status":"open","ping_status":"open","sticky":false,"template":"","format":"standard","meta":{"footnotes":""},"categories":[188,2,92],"tags":[],"class_list":["post-26357","post","type-post","status-publish","format-standard","has-post-thumbnail","hentry","category-14e-congres-fsm","category-federacio-de-mallorca","category-portada"],"_links":{"self":[{"href":"https:\/\/www.psib-psoe.org\/mallorca\/wp-json\/wp\/v2\/posts\/26357"}],"collection":[{"href":"https:\/\/www.psib-psoe.org\/mallorca\/wp-json\/wp\/v2\/posts"}],"about":[{"href":"https:\/\/www.psib-psoe.org\/mallorca\/wp-json\/wp\/v2\/types\/post"}],"author":[{"embeddable":true,"href":"https:\/\/www.psib-psoe.org\/mallorca\/wp-json\/wp\/v2\/users\/6"}],"replies":[{"embeddable":true,"href":"https:\/\/www.psib-psoe.org\/mallorca\/wp-json\/wp\/v2\/comments?post=26357"}],"version-history":[{"count":0,"href":"https:\/\/www.psib-psoe.org\/mallorca\/wp-json\/wp\/v2\/posts\/26357\/revisions"}],"wp:featuredmedia":[{"embeddable":true,"href":"https:\/\/www.psib-psoe.org\/mallorca\/wp-json\/wp\/v2\/media\/26358"}],"wp:attachment":[{"href":"https:\/\/www.psib-psoe.org\/mallorca\/wp-json\/wp\/v2\/media?parent=26357"}],"wp:term":[{"taxonomy":"category","embeddable":true,"href":"https:\/\/www.psib-psoe.org\/mallorca\/wp-json\/wp\/v2\/categories?post=26357"},{"taxonomy":"post_tag","embeddable":true,"href":"https:\/\/www.psib-psoe.org\/mallorca\/wp-json\/wp\/v2\/tags?post=26357"}],"curies":[{"name":"wp","href":"https:\/\/api.w.org\/{rel}","templated":true}]}}