{"id":26380,"date":"2021-12-04T19:38:38","date_gmt":"2021-12-04T17:38:38","guid":{"rendered":"http:\/\/www.psib-psoe.org\/mallorca\/?p=26380"},"modified":"2021-12-04T19:38:38","modified_gmt":"2021-12-04T17:38:38","slug":"catalina-cladera-nova-secretaria-general-dels-socialistes-de-mallorca-tenim-el-projecte-els-valors-i-les-persones-per-guanyar-el-futur","status":"publish","type":"post","link":"https:\/\/www.psib-psoe.org\/mallorca\/catalina-cladera-nova-secretaria-general-dels-socialistes-de-mallorca-tenim-el-projecte-els-valors-i-les-persones-per-guanyar-el-futur\/","title":{"rendered":"Catalina Cladera, nova secret\u00e0ria general dels Socialistes de Mallorca: \u201ctenim el projecte, els valors i les persones per guanyar el futur\u201d"},"content":{"rendered":"<div class=\"wpb-content-wrapper\">[vc_row][vc_column][vc_single_image image=&#8221;26381&#8243; img_size=&#8221;full&#8221; alignment=&#8221;center&#8221;][\/vc_column][\/vc_row][vc_row][vc_column][vc_column_text]<em><u>Francina Armengol, secret\u00e0ria general del PSIB-PSOE, destaca a l\u2019acte de cloenda del 14\u00e8 Congr\u00e9s de la FSM la nova executiva \u201cun gran equip que representa la gent de la nostra illa i el nostre territori liderat per una persona compromesa i amb gran capacitat de feina\u201d<\/u><\/em>[\/vc_column_text][\/vc_column][\/vc_row][vc_row][vc_column width=&#8221;1\/2&#8243;][vc_column_text]&#8221;Assumesc, amb l&#8217;equip que m&#8217;acompanya, una gran responsabilitat, amb humilitat, amb orgull, amb molta il\u00b7lusi\u00f3 i molt de respecte. Respecte pels que m&#8217;han precedit, pels 142 anys d&#8217;hist\u00f2ria, per tota la gent que ha anat creant aquest gran partit, pels anys de lluita, de reivindicaci\u00f3, d&#8217;avan\u00e7os i de progr\u00e9s&#8221;, aix\u00ed ha comen\u00e7at la seva intervenci\u00f3 Catalina Cladera com a nova secret\u00e0ria general dels Socialistes de Mallorca al 14\u00e8 Congr\u00e9s de la FSM.<\/p>\n<p>&#8220;Respecte a la milit\u00e0ncia, que fa gran aquest partit, i a la ciutadania que ens donen suport i que dipositen la seva esperan\u00e7a en les nostres pol\u00edtiques&#8221;, ha afegit.<\/p>\n<p>Cladera ha defensat davant una sala amb m\u00e9s de 350 militants que &#8220;som el partit que millor representa a la societat mallorquina, som Mallorca, amb un projecte socialista que impulsam des de totes les institucions, des del govern de les illes, des del consell i els ajuntaments, un projecte que inclou a tothom i que no deixa ning\u00fa enrere. El partit m\u00e9s preparat per afrontar els reptes de futur. Som futur&#8221;<\/p>\n<p>En aquest sentit, Cladera ha destacat els reptes que tenim al davant, la urg\u00e8ncia de treballar per la sostenibilitat ambiental, la sostenibilitat econ\u00f2mica i social. Per garantir una Mallorca m\u00e9s verda i m\u00e9s ecol\u00f2gica, per un futur econ\u00f2mic m\u00e9s just i m\u00e9s resilient a Mallorca, per continuar enfortint l&#8217;estat de benestar, amb pol\u00edtiques socials, per l&#8217;acc\u00e9s a un habitatge digne, per una ocupaci\u00f3 de qualitat, per gent gran, joves, per la igualtat, per no retrocedir ni un mil\u00b7l\u00edmetre en drets i llibertats&#8221;.<\/p>\n<p>\u00c9s per aix\u00f2 que com a secret\u00e0ria general dels socialistes de Mallorca us deman que a partir de dem\u00e0 facem feina per governar a cadascun dels ajuntaments de Mallorca, d&#8217;Andratx a Capdepera, de Pollen\u00e7a a Santany\u00ed, a Sa Serra, a Es Pla, Es raiguer&#8230; a tots els racons de Mallorca. Hem d&#8217;estar presents, hem de governar en totes les institucions, perqu\u00e8 som una garantia de gesti\u00f3, una garantia de defensa de drets i llibertats, una garant\u00ed de feina per l&#8217;inter\u00e9s general&#8221;.<\/p>\n<p>En aquest sentit, ha incidit que &#8220;som l&#8217;\u00fanica for\u00e7a pol\u00edtica capa\u00e7 de construir un projecte per una societat moderna, progressista, inclusiva, solid\u00e0ria, pensant amb tots. Tenim el projecte les idees, els valors i les persones per guanyar el futur, per fer la Mallorca que volem, per construir la Mallorca del futur&#8221;.[\/vc_column_text][\/vc_column][vc_column width=&#8221;1\/2&#8243;][vc_column_text]Cladera hi ha transmet a la milit\u00e0ncia que &#8220;hem de ser capa\u00e7os d&#8217;obrir el partit a tothom que vulgui formar part. Hem d&#8217;estendre el nostre projecte a tota la societat. Amb feina, amb lluita, humilitat, di\u00e0leg, a peu de carrer, devora la gent. Estic conven\u00e7uda que junts i juntes ho podem fer&#8221;<\/p>\n<p>Per concloure, la secret\u00e0ria general dels Socialistes de Mallorca ha citat una frase d&#8217;Eleonor Roosvelt &#8220;El futur pertany als qui creuen en la bellesa dels seus somnis&#8221;. Els socialistes no nom\u00e9s creiem en la bellesa dels nostres somnis, sin\u00f3 que els feim realitat. Companys y companyes, el futur \u00e9s nostre&#8221;<\/p>\n<p>Intervenci\u00f3 de Francina Armengol<br \/>\nPer la seva part, Francina Armengol, secret\u00e0ria general del PSIB-PSOE, ha agra\u00eft la feina feta a la comissi\u00f3 executiva salient, especialment en aquests darrers mesos. &#8220;Sempre m&#8217;he sentit orgullosa de ser socialista, per\u00f2 mai com ara, durant aquests mesos de pand\u00e8mia, temps amb moltes dificultats,. Perqu\u00e8 quan la gent esperava tant de nosaltres, hem estat a l&#8217;altura de les circumst\u00e0ncies. Em sent orgullosa de la nostra societat i de tots els socialistes, de cada batle i cada regidor, que hagu\u00e9s estat extraordinaris&#8221;<\/p>\n<p>Armengol ha destacat la representativitat del socialisme a Mallorca &#8220;tenim representaci\u00f3 en tots els municipis, som sa for\u00e7a de Mallorca, els que millor representant a la nostra societat. El projecte de futur socialista es far\u00e0 realitat, seguirem transformant aquesta illa a millor&#8221;.<\/p>\n<p>Aix\u00ed mateix, la secret\u00e0ria general del PSIB-PSOE, ha destacat els valors de les persones que conformen la nova Executiva &#8220;un gran equip que representa la gent de la nostra illa i el nostre territori. Una nova Executiva liderada per Catalina Cladera, una persona fant\u00e0stica, compromesa, incansable, amb una capacitat de feina enorme, una dona exigent amb un gran cor. Estam en les millors mans&#8221;[\/vc_column_text][\/vc_column][\/vc_row][vc_row][vc_column][vc_empty_space height=&#8221;50px&#8221;][vc_column_text]\n<h3 style=\"color: #e30613;\"><span class=\"bold\">Recursos addicionals<\/span><\/h3>\n[\/vc_column_text][vc_separator color=&#8221;custom&#8221; align=&#8221;align_left&#8221; border_width=&#8221;3&#8243; el_width=&#8221;10&#8243; accent_color=&#8221;#e30613&#8243;][vc_empty_space height=&#8221;50px&#8221;][vc_column_text]\n<ul>\n<li><a href=\"http:\/\/www.psib-psoe.org\/mallorca\/wp-content\/uploads\/COMISSI\u00d3-EXECUTIVA-DE-LA-FSM.pdf\">COMISSI\u00d3 EXECUTIVA DE LA FSM<\/a><\/li>\n<li><a href=\"http:\/\/www.psib-psoe.org\/mallorca\/wp-content\/uploads\/REPRESENTANTS-AL-CONSELL-POL\u00cdTIC-DEL-PSIB.pdf\">REPRESENTANTS AL CONSELL POL\u00cdTIC DEL PSIB<\/a><\/li>\n<\/ul>\n[\/vc_column_text][vc_empty_space height=&#8221;50px&#8221;][\/vc_column][\/vc_row]\n<\/div>","protected":false},"excerpt":{"rendered":"<p>[vc_row][vc_column][vc_single_image image=&#8221;26381&#8243; img_size=&#8221;full&#8221; alignment=&#8221;center&#8221;][\/vc_column][\/vc_row][vc_row][vc_column][vc_column_text]Francina Armengol, secret\u00e0ria general del PSIB-PSOE, destaca a l\u2019acte de cloenda del 14\u00e8 Congr\u00e9s de la FSM la nova executiva \u201cun gran equip que representa la gent de la nostra illa i el nostre territori liderat per una persona compromesa i amb gran capacitat de feina\u201d[\/vc_column_text][\/vc_column][\/vc_row][vc_row][vc_column width=&#8221;1\/2&#8243;][vc_column_text]&#8221;Assumesc, amb l&#8217;equip que m&#8217;acompanya, una&hellip;<\/p>\n","protected":false},"author":6,"featured_media":26381,"comment_status":"open","ping_status":"open","sticky":false,"template":"","format":"standard","meta":{"footnotes":""},"categories":[188,2,92],"tags":[],"class_list":["post-26380","post","type-post","status-publish","format-standard","has-post-thumbnail","hentry","category-14e-congres-fsm","category-federacio-de-mallorca","category-portada"],"_links":{"self":[{"href":"https:\/\/www.psib-psoe.org\/mallorca\/wp-json\/wp\/v2\/posts\/26380"}],"collection":[{"href":"https:\/\/www.psib-psoe.org\/mallorca\/wp-json\/wp\/v2\/posts"}],"about":[{"href":"https:\/\/www.psib-psoe.org\/mallorca\/wp-json\/wp\/v2\/types\/post"}],"author":[{"embeddable":true,"href":"https:\/\/www.psib-psoe.org\/mallorca\/wp-json\/wp\/v2\/users\/6"}],"replies":[{"embeddable":true,"href":"https:\/\/www.psib-psoe.org\/mallorca\/wp-json\/wp\/v2\/comments?post=26380"}],"version-history":[{"count":0,"href":"https:\/\/www.psib-psoe.org\/mallorca\/wp-json\/wp\/v2\/posts\/26380\/revisions"}],"wp:featuredmedia":[{"embeddable":true,"href":"https:\/\/www.psib-psoe.org\/mallorca\/wp-json\/wp\/v2\/media\/26381"}],"wp:attachment":[{"href":"https:\/\/www.psib-psoe.org\/mallorca\/wp-json\/wp\/v2\/media?parent=26380"}],"wp:term":[{"taxonomy":"category","embeddable":true,"href":"https:\/\/www.psib-psoe.org\/mallorca\/wp-json\/wp\/v2\/categories?post=26380"},{"taxonomy":"post_tag","embeddable":true,"href":"https:\/\/www.psib-psoe.org\/mallorca\/wp-json\/wp\/v2\/tags?post=26380"}],"curies":[{"name":"wp","href":"https:\/\/api.w.org\/{rel}","templated":true}]}}