{"id":26386,"date":"2021-12-07T11:27:01","date_gmt":"2021-12-07T09:27:01","guid":{"rendered":"http:\/\/www.psib-psoe.org\/mallorca\/?p=26386"},"modified":"2021-12-07T11:27:01","modified_gmt":"2021-12-07T09:27:01","slug":"els-socialistes-de-felanitx-lamenten-que-la-mala-gestio-de-larea-durbanisme-impedeix-iniciar-la-construccio-de-la-nova-escola-el-2022","status":"publish","type":"post","link":"https:\/\/www.psib-psoe.org\/mallorca\/els-socialistes-de-felanitx-lamenten-que-la-mala-gestio-de-larea-durbanisme-impedeix-iniciar-la-construccio-de-la-nova-escola-el-2022\/","title":{"rendered":"Els socialistes de Felanitx lamenten que la mala gesti\u00f3 de l\u2019\u00e0rea d\u2019Urbanisme impedeix iniciar la construcci\u00f3 de la nova escola el 2022"},"content":{"rendered":"<div class=\"wpb-content-wrapper\">[vc_row][vc_column][vc_single_image image=&#8221;26387&#8243; img_size=&#8221;full&#8221; alignment=&#8221;center&#8221;][\/vc_column][\/vc_row][vc_row][vc_column][vc_column_text]<em><u>L&#8217;Ajuntament no ha fet arribar la documentaci\u00f3 requerida a la Conselleria d&#8217;Educaci\u00f3 quan fa nou mesos que disposa dels terrenys<\/u><\/em>[\/vc_column_text][\/vc_column][\/vc_row][vc_row][vc_column width=&#8221;1\/2&#8243;][vc_column_text]Els Socialistes de Felanitx denuncien la falta d\u2019inter\u00e8s de l\u2019equip de govern municipal davant la construcci\u00f3 de la nova escola que necessita el municipi.<\/p>\n<p>Xisco Duarte, portaveu de l\u2019agrupaci\u00f3 socialista municipal, assenyala que aquesta infraestructura tan necess\u00e0ria i reclamada \u201ccontinua retardant-se per la nefasta gesti\u00f3 del batle, encarregat de l&#8217;\u00c0rea d&#8217;Urbanisme i del seu equip de govern, que demostrant una total falta de comprom\u00eds han aconseguit que la construcci\u00f3 de la nova escola ja no es podr\u00e0 iniciar dins el 2022&#8243;.<\/p>\n<p>Duarte explica que, el passat mes de mar\u00e7, l&#8217;Ajuntament de Felanitx adjudica el solar per a construcci\u00f3 de la nova escola, uns terrenys de 8.220 metres quadrats, situats al carrer Manacor, entre l&#8217;inici del cam\u00ed de Son Proen\u00e7 i la carretera de Portocolom.<\/p>\n<p>L\u2019Ajuntament es va comprometre a agilitzar tot el proc\u00e9s de compra i de tramitaci\u00f3 necess\u00e0ria per posar els terrenys a disposici\u00f3 del Govern i a presentar-ho per a la seva aprovaci\u00f3 al Plenari.<\/p>\n<p>\u201cPer\u00f2, nou mesos despr\u00e9s, encara no s&#8217;ha produ\u00eft. Tamb\u00e9 s&#8217;havia d&#8217;encarregar del cost de la dotaci\u00f3 de serveis i per aix\u00f2 es precisava un projecte que fins fa uns dies no havia entrat dins el consistori\u201d, explica Duarte.[\/vc_column_text][\/vc_column][vc_column width=&#8221;1\/2&#8243;][vc_column_text]La Conselleria d&#8217;Educaci\u00f3, despr\u00e9s de mesos de tardan\u00e7a, va registrar a finals del mes de setembre un llistat de documents necessaris per poder continuar el proc\u00e9s (Informe de recursos h\u00eddrics; Pl\u00e0nol topogr\u00e0fic en format digital georeferenciat; el projecte d&#8217;urbanitzaci\u00f3 i de dotaci\u00f3 de serveis aprovat; i el certificat acreditatiu de la inclusi\u00f3 del solar en l&#8217;inventari de b\u00e9ns i drets municipals, entre d&#8217;altres).<\/p>\n<p>A hores d&#8217;ara l&#8217;Ajuntament no ha fet arribar la documentaci\u00f3 requerida, tan sols ha presentat un escrit amb la voluntat de posar en disposici\u00f3 de la conselleria els terrenys.<\/p>\n<p>\u201cEl que havia de ser un tema i una necessitat tan important per al nostre municipi s&#8217;ha convertit en un lamentable espectacle -afegeix el portaveu dels Socialistes de Felanitx-. Una total manca de planificaci\u00f3 i de previsi\u00f3 habitual de l&#8217;equip de govern que suposar\u00e0, novament, l&#8217;endarreriment de la construcci\u00f3 d\u2019aquesta infraestructura tan necess\u00e0ria, fent evident que per ells, l&#8217;escola no \u00e9s una de les seves prioritats\u201d.<\/p>\n<p>Duarte conclou incidint que \u201cen reiterades ocasions hem sol\u00b7licitat con\u00e8ixer com es trobava aquest projecte i el batle, com sempre, dona culpes a tercers de la seva inacci\u00f3\u201d.[\/vc_column_text][\/vc_column][\/vc_row]\n<\/div>","protected":false},"excerpt":{"rendered":"<p>[vc_row][vc_column][vc_single_image image=&#8221;26387&#8243; img_size=&#8221;full&#8221; alignment=&#8221;center&#8221;][\/vc_column][\/vc_row][vc_row][vc_column][vc_column_text]L&#8217;Ajuntament no ha fet arribar la documentaci\u00f3 requerida a la Conselleria d&#8217;Educaci\u00f3 quan fa nou mesos que disposa dels terrenys[\/vc_column_text][\/vc_column][\/vc_row][vc_row][vc_column width=&#8221;1\/2&#8243;][vc_column_text]Els Socialistes de Felanitx denuncien la falta d\u2019inter\u00e8s de l\u2019equip de govern municipal davant la construcci\u00f3 de la nova escola que necessita el municipi. Xisco Duarte, portaveu de l\u2019agrupaci\u00f3 socialista municipal, assenyala&hellip;<\/p>\n","protected":false},"author":6,"featured_media":0,"comment_status":"open","ping_status":"open","sticky":false,"template":"","format":"standard","meta":{"footnotes":""},"categories":[2,90,92],"tags":[],"class_list":["post-26386","post","type-post","status-publish","format-standard","hentry","category-federacio-de-mallorca","category-municipis","category-portada"],"_links":{"self":[{"href":"https:\/\/www.psib-psoe.org\/mallorca\/wp-json\/wp\/v2\/posts\/26386"}],"collection":[{"href":"https:\/\/www.psib-psoe.org\/mallorca\/wp-json\/wp\/v2\/posts"}],"about":[{"href":"https:\/\/www.psib-psoe.org\/mallorca\/wp-json\/wp\/v2\/types\/post"}],"author":[{"embeddable":true,"href":"https:\/\/www.psib-psoe.org\/mallorca\/wp-json\/wp\/v2\/users\/6"}],"replies":[{"embeddable":true,"href":"https:\/\/www.psib-psoe.org\/mallorca\/wp-json\/wp\/v2\/comments?post=26386"}],"version-history":[{"count":0,"href":"https:\/\/www.psib-psoe.org\/mallorca\/wp-json\/wp\/v2\/posts\/26386\/revisions"}],"wp:attachment":[{"href":"https:\/\/www.psib-psoe.org\/mallorca\/wp-json\/wp\/v2\/media?parent=26386"}],"wp:term":[{"taxonomy":"category","embeddable":true,"href":"https:\/\/www.psib-psoe.org\/mallorca\/wp-json\/wp\/v2\/categories?post=26386"},{"taxonomy":"post_tag","embeddable":true,"href":"https:\/\/www.psib-psoe.org\/mallorca\/wp-json\/wp\/v2\/tags?post=26386"}],"curies":[{"name":"wp","href":"https:\/\/api.w.org\/{rel}","templated":true}]}}