{"id":26475,"date":"2022-01-07T15:10:01","date_gmt":"2022-01-07T13:10:01","guid":{"rendered":"http:\/\/www.psib-psoe.org\/mallorca\/?p=26475"},"modified":"2022-01-07T15:10:01","modified_gmt":"2022-01-07T13:10:01","slug":"els-socialistes-de-mallorca-desenvoluparan-una-campanya-informativa-i-de-debat-sobre-el-nou-pla-territorial-en-els-municipis-de-lilla","status":"publish","type":"post","link":"https:\/\/www.psib-psoe.org\/mallorca\/els-socialistes-de-mallorca-desenvoluparan-una-campanya-informativa-i-de-debat-sobre-el-nou-pla-territorial-en-els-municipis-de-lilla\/","title":{"rendered":"Els Socialistes de Mallorca desenvoluparan una campanya informativa i de debat sobre el nou Pla Territorial en els municipis de l\u2019illa"},"content":{"rendered":"<div class=\"wpb-content-wrapper\">[vc_row][vc_column][vc_single_image image=&#8221;26476&#8243; img_size=&#8221;full&#8221; alignment=&#8221;center&#8221;][\/vc_column][\/vc_row][vc_row][vc_column][vc_column_text]<em><u>El secretari de Pol\u00edtica Municipal, Marc L\u00f3pez, i el secretari de Territori i Habitatge, Eduard Soriano, avancen a m\u00e9s a m\u00e9s la presentaci\u00f3 d\u2019una moci\u00f3 als plens municipals per explicar els beneficis del nou PTI, obrir el debat i recollir propostes<\/u><\/em>[\/vc_column_text][\/vc_column][\/vc_row][vc_row][vc_column width=&#8221;1\/2&#8243;][vc_column_text]La Federaci\u00f3 Socialista de Mallorca desenvolupar\u00e0 una campanya informativa en els municipis de l&#8217;illa al llarg d&#8217;aquest mes de gener i del pr\u00f2xim mes de febrer per explicar el nou Pla Territorial que ha aprovat inicialment el Consell de Mallorca.<\/p>\n<p>Aix\u00ed ho ha anunciat Marc L\u00f3pez, secretari de Pol\u00edtica Municipal de la FSM, durant la roda de premsa oferta avui junt amb el secretari de Territori i Habitatge, Eduard Soriano. &#8220;Com a partit volem posar-nos a disposici\u00f3 dels ajuntaments i entitats ciutadanes per explicar els detalls del document. Volem que sigui conegut a tot Mallorca i que hi hagi debat. Ara est\u00e0 en exposici\u00f3 p\u00fablica i s&#8217;obre un termini d&#8217;al\u00b7legacions, per tant, com m\u00e9s debat hi hagi, m\u00e9s i millors aportacions tindr\u00e0&#8221;<\/p>\n<p>Farem arribar la informaci\u00f3 i el debat als consistoris i per aix\u00f2 tamb\u00e9 &#8220;presentarem una moci\u00f3 conjunta en els plens municipals amb la finalitat de fer arribar el debat als consistoris, consideram que suposa una normativa important que ja ha iniciat el termini d&#8217;exposici\u00f3 p\u00fablica, que ha de comptar amb la m\u00e0xima transpar\u00e8ncia i participaci\u00f3&#8221;, ha expressat.<\/p>\n<p>El secretari de Pol\u00edtica Municipal tamb\u00e9 ha volgut felicitar p\u00fablicament al Consell de Mallorca per la gran feina feta &#8220;i especialment a les dues socialistes que ho han encap\u00e7alat, la presidenta Catalina[\/vc_column_text][\/vc_column][vc_column width=&#8221;1\/2&#8243;][vc_column_text]Cladera i la consellera de Territori, Maria Ant\u00f2nia Garcias, per aconseguir un Pla Territorial que millora la protecci\u00f3 del nostre territori, del nostre paisatge i que contempla mesures de lluita contra el canvi clim\u00e0tic&#8221;.<\/p>\n<p>Per la seva part, el secretari de Territori i Habitatge, Eduard Soriano ha destacat del nou Pla Territorial de Mallorca que &#8220;dona seguretat jur\u00eddica als ajuntaments i canvia el model de creixement urban\u00edstic d&#8217;on hem de cr\u00e9ixer a com hem de fer-ho&#8221;.<\/p>\n<p>Soriano ha destacat, aix\u00ed mateix, que &#8220;es &#8216;democratitza&#8217; l&#8217;urbanisme a Mallorca, ja que el document es fa comprensible per a la ciutadania&#8221; i que tant la campanya informativa prevista als pobles i ciutats de Mallorca com la moci\u00f3 que es presentar\u00e0 als plens dels ajuntaments tenen com a objectiu &#8220;explicar els beneficis del nou Pla Territorial, obrir el debat als municipis i recollir propostes que sense dubte enriquiran la normativa&#8221;.<\/p>\n<p>Per concloure, Soriano ha incidit que, amb l&#8217;aprovaci\u00f3 del nou Pla &#8220;acabarem amb el cicle de &#8216;desenvolupisme&#8217; del Pla Territorial de 2004&#8221;.[\/vc_column_text][\/vc_column][\/vc_row]\n<\/div>","protected":false},"excerpt":{"rendered":"<p>[vc_row][vc_column][vc_single_image image=&#8221;26476&#8243; img_size=&#8221;full&#8221; alignment=&#8221;center&#8221;][\/vc_column][\/vc_row][vc_row][vc_column][vc_column_text]El secretari de Pol\u00edtica Municipal, Marc L\u00f3pez, i el secretari de Territori i Habitatge, Eduard Soriano, avancen a m\u00e9s a m\u00e9s la presentaci\u00f3 d\u2019una moci\u00f3 als plens municipals per explicar els beneficis del nou PTI, obrir el debat i recollir propostes[\/vc_column_text][\/vc_column][\/vc_row][vc_row][vc_column width=&#8221;1\/2&#8243;][vc_column_text]La Federaci\u00f3 Socialista de Mallorca desenvolupar\u00e0 una campanya informativa en els&hellip;<\/p>\n","protected":false},"author":6,"featured_media":26476,"comment_status":"open","ping_status":"open","sticky":false,"template":"","format":"standard","meta":{"footnotes":""},"categories":[89,2,90,92],"tags":[],"class_list":["post-26475","post","type-post","status-publish","format-standard","has-post-thumbnail","hentry","category-consell-de-mallorca","category-federacio-de-mallorca","category-municipis","category-portada"],"_links":{"self":[{"href":"https:\/\/www.psib-psoe.org\/mallorca\/wp-json\/wp\/v2\/posts\/26475"}],"collection":[{"href":"https:\/\/www.psib-psoe.org\/mallorca\/wp-json\/wp\/v2\/posts"}],"about":[{"href":"https:\/\/www.psib-psoe.org\/mallorca\/wp-json\/wp\/v2\/types\/post"}],"author":[{"embeddable":true,"href":"https:\/\/www.psib-psoe.org\/mallorca\/wp-json\/wp\/v2\/users\/6"}],"replies":[{"embeddable":true,"href":"https:\/\/www.psib-psoe.org\/mallorca\/wp-json\/wp\/v2\/comments?post=26475"}],"version-history":[{"count":0,"href":"https:\/\/www.psib-psoe.org\/mallorca\/wp-json\/wp\/v2\/posts\/26475\/revisions"}],"wp:featuredmedia":[{"embeddable":true,"href":"https:\/\/www.psib-psoe.org\/mallorca\/wp-json\/wp\/v2\/media\/26476"}],"wp:attachment":[{"href":"https:\/\/www.psib-psoe.org\/mallorca\/wp-json\/wp\/v2\/media?parent=26475"}],"wp:term":[{"taxonomy":"category","embeddable":true,"href":"https:\/\/www.psib-psoe.org\/mallorca\/wp-json\/wp\/v2\/categories?post=26475"},{"taxonomy":"post_tag","embeddable":true,"href":"https:\/\/www.psib-psoe.org\/mallorca\/wp-json\/wp\/v2\/tags?post=26475"}],"curies":[{"name":"wp","href":"https:\/\/api.w.org\/{rel}","templated":true}]}}