{"id":26517,"date":"2022-02-03T12:51:36","date_gmt":"2022-02-03T10:51:36","guid":{"rendered":"http:\/\/www.psib-psoe.org\/mallorca\/?p=26517"},"modified":"2022-02-03T12:51:36","modified_gmt":"2022-02-03T10:51:36","slug":"domingo-moragues-elegit-nou-secretari-general-dels-socialistes-de-fornalutx","status":"publish","type":"post","link":"https:\/\/www.psib-psoe.org\/mallorca\/domingo-moragues-elegit-nou-secretari-general-dels-socialistes-de-fornalutx\/","title":{"rendered":"Domingo Moragues elegit nou Secretari General dels Socialistes de Fornalutx"},"content":{"rendered":"<div class=\"wpb-content-wrapper\">[vc_row][vc_column][vc_single_image image=&#8221;26518&#8243; img_size=&#8221;full&#8221; alignment=&#8221;center&#8221;][\/vc_column][\/vc_row][vc_row][vc_column][vc_column_text]<em><u>L\u2019Agrupaci\u00f3 Socialista de Fornalutx ha celebrat la seva assemblea local per renovar els c\u00e0rrecs de la direcci\u00f3 local<\/u><\/em>[\/vc_column_text][\/vc_column][\/vc_row][vc_row][vc_column width=&#8221;1\/2&#8243;][vc_column_text]L\u2019Agrupaci\u00f3 Socialista de Fornalutx ha celebrat la seva assemblea, despr\u00e9s que la Comissi\u00f3 Executiva de la Federaci\u00f3 Socialista de Mallorca aprov\u00e9s el Pla Estrat\u00e8gic i d\u2019Acci\u00f3 2021-2025, on el fornalutxenc Domingo Moragues ha estat elegit Secretari General de la formaci\u00f3 local per als pr\u00f2xims anys.<\/p>\n<p>Moragues ha expressat la seva emoci\u00f3 per \u201ccomen\u00e7ar una nova etapa al front dels Socialistes de Fornalutx com a Secretari General en la qual far\u00e9 feina de valent per defensar els interessos dels ciutadans i ciutadanes de Fornalutx\u201d.[\/vc_column_text][\/vc_column][vc_column width=&#8221;1\/2&#8243;][vc_column_text]El socialista i ara nou Secretari General dels Socialistes de Fornalutx ha format el seu equip juntament amb Antonio Jos\u00e9 Mora, com a secretari d\u2019Organitzaci\u00f3 i amb Andreu Sebasti\u00e0 Barcel\u00f3, com a secretari de Pol\u00edtica Municipal.<\/p>\n<p>Finalment, a l\u2019assemblea ha assistit la secretaria d\u2019Organitzaci\u00f3 dels Socialistes de Mallorca, Ant\u00f2nia Sastre, i el secretari de Coordinaci\u00f3 Territorial, Tolo Aguilar.[\/vc_column_text][\/vc_column][\/vc_row]\n<\/div>","protected":false},"excerpt":{"rendered":"<p>[vc_row][vc_column][vc_single_image image=&#8221;26518&#8243; img_size=&#8221;full&#8221; alignment=&#8221;center&#8221;][\/vc_column][\/vc_row][vc_row][vc_column][vc_column_text]L\u2019Agrupaci\u00f3 Socialista de Fornalutx ha celebrat la seva assemblea local per renovar els c\u00e0rrecs de la direcci\u00f3 local[\/vc_column_text][\/vc_column][\/vc_row][vc_row][vc_column width=&#8221;1\/2&#8243;][vc_column_text]L\u2019Agrupaci\u00f3 Socialista de Fornalutx ha celebrat la seva assemblea, despr\u00e9s que la Comissi\u00f3 Executiva de la Federaci\u00f3 Socialista de Mallorca aprov\u00e9s el Pla Estrat\u00e8gic i d\u2019Acci\u00f3 2021-2025, on el fornalutxenc Domingo Moragues ha estat&hellip;<\/p>\n","protected":false},"author":4,"featured_media":26518,"comment_status":"open","ping_status":"open","sticky":false,"template":"","format":"standard","meta":{"footnotes":""},"categories":[2,90,92],"tags":[191,78,79],"class_list":["post-26517","post","type-post","status-publish","format-standard","has-post-thumbnail","hentry","category-federacio-de-mallorca","category-municipis","category-portada","tag-fornalutx","tag-fsm","tag-socialistes-de-mallorca"],"_links":{"self":[{"href":"https:\/\/www.psib-psoe.org\/mallorca\/wp-json\/wp\/v2\/posts\/26517"}],"collection":[{"href":"https:\/\/www.psib-psoe.org\/mallorca\/wp-json\/wp\/v2\/posts"}],"about":[{"href":"https:\/\/www.psib-psoe.org\/mallorca\/wp-json\/wp\/v2\/types\/post"}],"author":[{"embeddable":true,"href":"https:\/\/www.psib-psoe.org\/mallorca\/wp-json\/wp\/v2\/users\/4"}],"replies":[{"embeddable":true,"href":"https:\/\/www.psib-psoe.org\/mallorca\/wp-json\/wp\/v2\/comments?post=26517"}],"version-history":[{"count":0,"href":"https:\/\/www.psib-psoe.org\/mallorca\/wp-json\/wp\/v2\/posts\/26517\/revisions"}],"wp:featuredmedia":[{"embeddable":true,"href":"https:\/\/www.psib-psoe.org\/mallorca\/wp-json\/wp\/v2\/media\/26518"}],"wp:attachment":[{"href":"https:\/\/www.psib-psoe.org\/mallorca\/wp-json\/wp\/v2\/media?parent=26517"}],"wp:term":[{"taxonomy":"category","embeddable":true,"href":"https:\/\/www.psib-psoe.org\/mallorca\/wp-json\/wp\/v2\/categories?post=26517"},{"taxonomy":"post_tag","embeddable":true,"href":"https:\/\/www.psib-psoe.org\/mallorca\/wp-json\/wp\/v2\/tags?post=26517"}],"curies":[{"name":"wp","href":"https:\/\/api.w.org\/{rel}","templated":true}]}}