{"id":26520,"date":"2022-02-04T11:10:11","date_gmt":"2022-02-04T09:10:11","guid":{"rendered":"http:\/\/www.psib-psoe.org\/mallorca\/?p=26520"},"modified":"2022-02-04T11:10:11","modified_gmt":"2022-02-04T09:10:11","slug":"els-socialistes-de-sa-pobla-a-favor-de-retirar-la-modificacio-puntual-del-planejament-urbanistic-sobre-les-zones-industrials","status":"publish","type":"post","link":"https:\/\/www.psib-psoe.org\/mallorca\/els-socialistes-de-sa-pobla-a-favor-de-retirar-la-modificacio-puntual-del-planejament-urbanistic-sobre-les-zones-industrials\/","title":{"rendered":"Els Socialistes de Sa Pobla, a favor de retirar la modificaci\u00f3 puntual del Planejament Urban\u00edstic sobre les zones industrials"},"content":{"rendered":"<div class=\"wpb-content-wrapper\">[vc_row][vc_column][vc_single_image image=&#8221;26521&#8243; img_size=&#8221;full&#8221; alignment=&#8221;center&#8221;][\/vc_column][\/vc_row][vc_row][vc_column][vc_column_text]<em><u>Informes emesos pel Consell de Mallorca posen de manifest que la modificaci\u00f3 no s\u2019adequa al Pla d\u2019Equipaments Comercials de Mallorca (PECMA)<\/u><\/em>[\/vc_column_text][\/vc_column][\/vc_row][vc_row][vc_column width=&#8221;1\/2&#8243;][vc_column_text]Els Socialistes de Sa Pobla han donar suport a la decisi\u00f3 de l\u2019equip de govern municipal de retirar la modificaci\u00f3 puntual del Planejament Urban\u00edstic aprovada el setembre de 2021, ja que aquesta modificaci\u00f3 tenia per objectiu permetre que el 25% de l\u2019edificabilitat del s\u00f2l industrial -que actualment es pot dedicar a \u00fas comercial- es pogu\u00e9s deslligar d\u2019aquest \u00fas industrial principal.<\/p>\n<p>D\u2019aquesta manera, el Grup Socialista a l\u2019Ajuntament de Sa Pobla ha donat suport a aquesta modificaci\u00f3 amb la convicci\u00f3 que era benefici\u00f3s pel municipi i tenint en compte els informes desfavorables dels serveis t\u00e8cnics municipals.[\/vc_column_text][\/vc_column][vc_column width=&#8221;1\/2&#8243;][vc_column_text]\n<p>No obstant aix\u00f2, el Departament de Territori del Consell de Mallorca ha posat de manifest que aquesta modificaci\u00f3 puntual contravindria determinants articles del Pla d\u2019Equipaments Comercials de Mallorca, en tant que suposaria possibilitar la conversi\u00f3 dels pol\u00edgons industrials en pol\u00edgons de serveis i des de l\u2019Agrupaci\u00f3 Socialista de Sa Pobla defensam que no \u00e9s el procediment adequat per dur-ho endavant.<\/p>\n<p>Finalment, els Socialistes de Sa Pobla han considerat oportuna la retirada de la modificaci\u00f3, ja que el Pla d\u2019Equipaments Comercials de Mallorca \u00e9s un dels instruments essencials per mantenir i potencial el comer\u00e7 tradicional i de proximitat, un model pel qual els socialistes sempre hem apostat i aix\u00ed ho continuarem fent.[\/vc_column_text][\/vc_column][\/vc_row]\n<\/div>","protected":false},"excerpt":{"rendered":"<p>[vc_row][vc_column][vc_single_image image=&#8221;26521&#8243; img_size=&#8221;full&#8221; alignment=&#8221;center&#8221;][\/vc_column][\/vc_row][vc_row][vc_column][vc_column_text]Informes emesos pel Consell de Mallorca posen de manifest que la modificaci\u00f3 no s\u2019adequa al Pla d\u2019Equipaments Comercials de Mallorca (PECMA)[\/vc_column_text][\/vc_column][\/vc_row][vc_row][vc_column width=&#8221;1\/2&#8243;][vc_column_text]Els Socialistes de Sa Pobla han donar suport a la decisi\u00f3 de l\u2019equip de govern municipal de retirar la modificaci\u00f3 puntual del Planejament Urban\u00edstic aprovada el setembre de 2021, ja que&hellip;<\/p>\n","protected":false},"author":4,"featured_media":26521,"comment_status":"open","ping_status":"open","sticky":false,"template":"","format":"standard","meta":{"footnotes":""},"categories":[2,90,92],"tags":[146,192],"class_list":["post-26520","post","type-post","status-publish","format-standard","has-post-thumbnail","hentry","category-federacio-de-mallorca","category-municipis","category-portada","tag-sa-pobla","tag-xesca-mir"],"_links":{"self":[{"href":"https:\/\/www.psib-psoe.org\/mallorca\/wp-json\/wp\/v2\/posts\/26520"}],"collection":[{"href":"https:\/\/www.psib-psoe.org\/mallorca\/wp-json\/wp\/v2\/posts"}],"about":[{"href":"https:\/\/www.psib-psoe.org\/mallorca\/wp-json\/wp\/v2\/types\/post"}],"author":[{"embeddable":true,"href":"https:\/\/www.psib-psoe.org\/mallorca\/wp-json\/wp\/v2\/users\/4"}],"replies":[{"embeddable":true,"href":"https:\/\/www.psib-psoe.org\/mallorca\/wp-json\/wp\/v2\/comments?post=26520"}],"version-history":[{"count":0,"href":"https:\/\/www.psib-psoe.org\/mallorca\/wp-json\/wp\/v2\/posts\/26520\/revisions"}],"wp:featuredmedia":[{"embeddable":true,"href":"https:\/\/www.psib-psoe.org\/mallorca\/wp-json\/wp\/v2\/media\/26521"}],"wp:attachment":[{"href":"https:\/\/www.psib-psoe.org\/mallorca\/wp-json\/wp\/v2\/media?parent=26520"}],"wp:term":[{"taxonomy":"category","embeddable":true,"href":"https:\/\/www.psib-psoe.org\/mallorca\/wp-json\/wp\/v2\/categories?post=26520"},{"taxonomy":"post_tag","embeddable":true,"href":"https:\/\/www.psib-psoe.org\/mallorca\/wp-json\/wp\/v2\/tags?post=26520"}],"curies":[{"name":"wp","href":"https:\/\/api.w.org\/{rel}","templated":true}]}}