{"id":26528,"date":"2022-02-06T12:05:45","date_gmt":"2022-02-06T10:05:45","guid":{"rendered":"http:\/\/www.psib-psoe.org\/mallorca\/?p=26528"},"modified":"2022-02-06T12:05:45","modified_gmt":"2022-02-06T10:05:45","slug":"remedios-canadas-nova-secretaria-general-socialistes-son-servera","status":"publish","type":"post","link":"https:\/\/www.psib-psoe.org\/mallorca\/remedios-canadas-nova-secretaria-general-socialistes-son-servera\/","title":{"rendered":"Remedios Ca\u00f1adas, elegida nova Secret\u00e0ria General dels Socialistes de Son Servera, es marca com a fita revalidar el govern municipal el 2023"},"content":{"rendered":"<div class=\"wpb-content-wrapper\">[vc_row][vc_column][vc_single_image image=&#8221;26529&#8243; img_size=&#8221;full&#8221; alignment=&#8221;center&#8221;][\/vc_column][\/vc_row][vc_row][vc_column][vc_column_text]<em><u>Ca\u00f1adas substituir\u00e0 al capdavant de l\u2019Agrupaci\u00f3 Socialista de Son Servera a Natalia Troya, acutal batlessa del municipi, qui ha agra\u00eft a la milit\u00e0ncia del municipi el suport rebut aquests anys<\/u><\/em>[\/vc_column_text][\/vc_column][\/vc_row][vc_row][vc_column width=&#8221;1\/2&#8243;][vc_column_text]L\u2019Agrupaci\u00f3 Socialista de Son Servera s\u2019ha reunit en assemblea per elegir nova Comissi\u00f3 Executiva, que encap\u00e7alar\u00e0 com a Secret\u00e0ria General Remedios Ca\u00f1adas, amb l\u2019objectiu de tornar a governar el 2023. Li ha fet costat la Secret\u00e0ria General dels Socialistes de Mallorca, Catalina Cladera.<\/p>\n<p>Ca\u00f1adas substituir\u00e0 en el c\u00e0rrec a Natalia Troya, actual batlessa del municipi, qui ha agra\u00eft a l\u2019agrupaci\u00f3 el suport durant tots aquests anys i ha desitjat \u201cempenta i coratge\u201d a la nova direcci\u00f3 del partit al municipi, alhora que els ha encoratjat a \u201ccontinuar fent feina com la fam\u00edlia que som\u201d.<\/p>\n<p>La nova Secret\u00e0ria General ha exposat que continuar\u00e0 en la mateixa l\u00ednia que el mandat que acaba de cloure, durant el qual, ha ressaltat, \u201cs\u2019ha aconseguit millorar molt el nostre municipi\u201d. A m\u00e9s, a m\u00e9s, s\u2019ha marcat com a principals objectius \u201cdonar tota la import\u00e0ncia a l\u2019agrupaci\u00f3, que per a nosaltres \u00e9s vital, i refor\u00e7ar-la\u201d.<\/p>\n<p>\u201cEn aquests darrers anys s\u2019ha aconseguit millorar molt el nostre municipi, per\u00f2 encara queden molts de reptes per aconseguir\u201d, ha explicat Ca\u00f1adas, qui ha exposat que vol un municipi \u201cigualitari, sostenible, amb valors i en el qual tota la ciutadania tengui el seu espai\u201d.[\/vc_column_text][\/vc_column][vc_column width=&#8221;1\/2&#8243;][vc_column_text]D\u2019altra banda, Ca\u00f1adas ha real\u00e7at el sentir socialista que l\u2019ha acompanyada des de sempre. \u201cSempre he duit amb mi els valors socialistes, i \u00e9s un orgull ser la nova Secret\u00e0ria General dels Socialistes de Son Servera\u201d, ha agra\u00eft.<\/p>\n<p>Per la seva banda, la Secret\u00e0ria General dels Socialistes de Mallorca, Catalina Cladera, ha assenyalat que \u201cavui comen\u00e7a una nova etapa amb la mirada posada el 2023, per tornar a tenir una batlia socialista\u201d, alhora que ha encoratjat la milit\u00e0ncia a continuar \u201cmobilitzats\u201d perqu\u00e8 \u201ctenim molt per explicar\u201d. Cladera tamb\u00e9 ha agra\u00eft a Troya \u201ctots els anys de dedicaci\u00f3 i comprom\u00eds\u201d.<\/p>\n<p><strong>\u00a0<\/strong><\/p>\n<p><strong>Comissi\u00f3 Executiva Agrupaci\u00f3 Socialista de Son Servera<\/strong><\/p>\n<p>Secretaria General: Remedios Ca\u00f1adas<\/p>\n<p>Secretaria d\u2019Organitzaci\u00f3: Jos\u00e9 Luis Ruiz<\/p>\n<p>Tresorer: Fa Fang Dong Hu<\/p>\n<p>Secretaria de Comunicaci\u00f3: Sergio Valbuena<\/p>\n<p>Secretaria de Pol\u00edtica Municipal: Cata Servera Elhauge<\/p>\n<p>Secretaria d\u2019Acci\u00f3 Electoral: Toni Torres<\/p>\n<p>Secretaria d\u2019Igualtat: Dori Moreno<\/p>\n<p>Secretaria de Dinamitzaci\u00f3: Pedro Calzado[\/vc_column_text][\/vc_column][\/vc_row]\n<\/div>","protected":false},"excerpt":{"rendered":"<p>[vc_row][vc_column][vc_single_image image=&#8221;26529&#8243; img_size=&#8221;full&#8221; alignment=&#8221;center&#8221;][\/vc_column][\/vc_row][vc_row][vc_column][vc_column_text]Ca\u00f1adas substituir\u00e0 al capdavant de l\u2019Agrupaci\u00f3 Socialista de Son Servera a Natalia Troya, acutal batlessa del municipi, qui ha agra\u00eft a la milit\u00e0ncia del municipi el suport rebut aquests anys[\/vc_column_text][\/vc_column][\/vc_row][vc_row][vc_column width=&#8221;1\/2&#8243;][vc_column_text]L\u2019Agrupaci\u00f3 Socialista de Son Servera s\u2019ha reunit en assemblea per elegir nova Comissi\u00f3 Executiva, que encap\u00e7alar\u00e0 com a Secret\u00e0ria General Remedios Ca\u00f1adas,&hellip;<\/p>\n","protected":false},"author":3,"featured_media":26529,"comment_status":"open","ping_status":"open","sticky":false,"template":"","format":"standard","meta":{"footnotes":""},"categories":[2,90],"tags":[],"class_list":["post-26528","post","type-post","status-publish","format-standard","has-post-thumbnail","hentry","category-federacio-de-mallorca","category-municipis"],"_links":{"self":[{"href":"https:\/\/www.psib-psoe.org\/mallorca\/wp-json\/wp\/v2\/posts\/26528"}],"collection":[{"href":"https:\/\/www.psib-psoe.org\/mallorca\/wp-json\/wp\/v2\/posts"}],"about":[{"href":"https:\/\/www.psib-psoe.org\/mallorca\/wp-json\/wp\/v2\/types\/post"}],"author":[{"embeddable":true,"href":"https:\/\/www.psib-psoe.org\/mallorca\/wp-json\/wp\/v2\/users\/3"}],"replies":[{"embeddable":true,"href":"https:\/\/www.psib-psoe.org\/mallorca\/wp-json\/wp\/v2\/comments?post=26528"}],"version-history":[{"count":0,"href":"https:\/\/www.psib-psoe.org\/mallorca\/wp-json\/wp\/v2\/posts\/26528\/revisions"}],"wp:featuredmedia":[{"embeddable":true,"href":"https:\/\/www.psib-psoe.org\/mallorca\/wp-json\/wp\/v2\/media\/26529"}],"wp:attachment":[{"href":"https:\/\/www.psib-psoe.org\/mallorca\/wp-json\/wp\/v2\/media?parent=26528"}],"wp:term":[{"taxonomy":"category","embeddable":true,"href":"https:\/\/www.psib-psoe.org\/mallorca\/wp-json\/wp\/v2\/categories?post=26528"},{"taxonomy":"post_tag","embeddable":true,"href":"https:\/\/www.psib-psoe.org\/mallorca\/wp-json\/wp\/v2\/tags?post=26528"}],"curies":[{"name":"wp","href":"https:\/\/api.w.org\/{rel}","templated":true}]}}