{"id":26540,"date":"2022-02-09T12:58:27","date_gmt":"2022-02-09T10:58:27","guid":{"rendered":"http:\/\/www.psib-psoe.org\/mallorca\/?p=26540"},"modified":"2022-02-11T12:17:04","modified_gmt":"2022-02-11T10:17:04","slug":"els-socialistes-de-ses-salines-denuncien-que-lequip-de-govern-veti-la-iniciativa-socialista-per-reivindicar-el-8-de-marc","status":"publish","type":"post","link":"https:\/\/www.psib-psoe.org\/mallorca\/els-socialistes-de-ses-salines-denuncien-que-lequip-de-govern-veti-la-iniciativa-socialista-per-reivindicar-el-8-de-marc\/","title":{"rendered":"Els socialistes de Ses Salines denuncien que l\u2019equip de govern veti la iniciativa socialista per reivindicar el 8 de mar\u00e7"},"content":{"rendered":"<div class=\"wpb-content-wrapper\">[vc_row][vc_column][vc_single_image image=&#8221;25795&#8243; img_size=&#8221;full&#8221; alignment=&#8221;center&#8221;][\/vc_column][\/vc_row][vc_row][vc_column][vc_column_text]<strong><em><u>La proposta socialista reclama i explica la necessitat de reivindicar el Dia de la Dona<\/u><\/em><\/strong>[\/vc_column_text][\/vc_column][\/vc_row][vc_row][vc_column width=&#8221;1\/2&#8243;][vc_column_text]L\u2019Agrupaci\u00f3 Socialista de Ses Salines den\u00fancia que l\u2019equip de govern de Ses Salines i la Col\u00f2nia de Sant Jordi, format pel Partit Popular, Ciutadans i el Pi, veti aquesta moci\u00f3 que explica la necessitat de reivindicar el Dia de la Dona en l\u2019actualitat, ja que, a m\u00e9s, la iniciativa fa esment a les treballadores dels serveis socials que han estat a la primera l\u00ednia durant la pand\u00e8mia.<\/p>\n<p>Aix\u00ed, l\u2019equip de govern de l\u2019Ajuntament de Ses Salines ha vetat aquesta iniciativa perqu\u00e8, segons ells \u201ces presentava per treure r\u00e8dit pol\u00edtic\u201d i votaren en contra de qu\u00e8 es pogu\u00e9s debatre al plenari. Cal recordar que al consistori no es celebrar\u00e0 un altre plenari fins a l\u2019abril, per tant, no hi ha cap oportunitat per reivindicar el Dia de la Dona.<strong>\u00a0<\/strong>[\/vc_column_text][\/vc_column][vc_column width=&#8221;1\/2&#8243;][vc_column_text]Els Socialistes de Ses Salines, tamb\u00e9, denuncien l\u2019\u00fas de les xarxes oficials de l\u2019Ajuntament per fer pol\u00edtica de partit i defensar-se de les cr\u00edtiques cercant uns arguments a posteriori i fora del ple municipal. A m\u00e9s a m\u00e9s, des de l\u2019Agrupaci\u00f3 han criticat l\u2019actitud del batle de Ses Salines per arribar tard a una taula d\u2019igualtat amb el Govern, el Consell de Mallorca i altres entitats i institucions.<\/p>\n<p>Finalment, la proposta, presentada pel grup Endavant, integrat pel PSIB-PSOE, Independents i M\u00c9S, s\u2019havia de debatre al ple municipal de febrer i reclamava que s\u2019acabi i s\u2019actualitzi el Pla d\u2019Igualtat Municipal. Tamb\u00e9,\u00a0 es demanava que es convoqui un ple extraordinari pel pr\u00f2xim 8 de mar\u00e7, per aix\u00ed adherir-se institucionalment al manifest que cada any es solia aprovar pel ple.[\/vc_column_text][\/vc_column][\/vc_row]\n<\/div>","protected":false},"excerpt":{"rendered":"<p>[vc_row][vc_column][vc_single_image image=&#8221;25795&#8243; img_size=&#8221;full&#8221; alignment=&#8221;center&#8221;][\/vc_column][\/vc_row][vc_row][vc_column][vc_column_text]La proposta socialista reclama i explica la necessitat de reivindicar el Dia de la Dona[\/vc_column_text][\/vc_column][\/vc_row][vc_row][vc_column width=&#8221;1\/2&#8243;][vc_column_text]L\u2019Agrupaci\u00f3 Socialista de Ses Salines den\u00fancia que l\u2019equip de govern de Ses Salines i la Col\u00f2nia de Sant Jordi, format pel Partit Popular, Ciutadans i el Pi, veti aquesta moci\u00f3 que explica la necessitat de reivindicar el&hellip;<\/p>\n","protected":false},"author":6,"featured_media":25795,"comment_status":"open","ping_status":"open","sticky":false,"template":"","format":"standard","meta":{"footnotes":""},"categories":[90,92],"tags":[196,181,83,182,195,84,180],"class_list":["post-26540","post","type-post","status-publish","format-standard","has-post-thumbnail","hentry","category-municipis","category-portada","tag-antonia-garcia","tag-colonia-de-sant-jordi","tag-consell-de-mallorca","tag-endavant","tag-psib","tag-psib-psoe","tag-ses-salines"],"_links":{"self":[{"href":"https:\/\/www.psib-psoe.org\/mallorca\/wp-json\/wp\/v2\/posts\/26540"}],"collection":[{"href":"https:\/\/www.psib-psoe.org\/mallorca\/wp-json\/wp\/v2\/posts"}],"about":[{"href":"https:\/\/www.psib-psoe.org\/mallorca\/wp-json\/wp\/v2\/types\/post"}],"author":[{"embeddable":true,"href":"https:\/\/www.psib-psoe.org\/mallorca\/wp-json\/wp\/v2\/users\/6"}],"replies":[{"embeddable":true,"href":"https:\/\/www.psib-psoe.org\/mallorca\/wp-json\/wp\/v2\/comments?post=26540"}],"version-history":[{"count":0,"href":"https:\/\/www.psib-psoe.org\/mallorca\/wp-json\/wp\/v2\/posts\/26540\/revisions"}],"wp:featuredmedia":[{"embeddable":true,"href":"https:\/\/www.psib-psoe.org\/mallorca\/wp-json\/wp\/v2\/media\/25795"}],"wp:attachment":[{"href":"https:\/\/www.psib-psoe.org\/mallorca\/wp-json\/wp\/v2\/media?parent=26540"}],"wp:term":[{"taxonomy":"category","embeddable":true,"href":"https:\/\/www.psib-psoe.org\/mallorca\/wp-json\/wp\/v2\/categories?post=26540"},{"taxonomy":"post_tag","embeddable":true,"href":"https:\/\/www.psib-psoe.org\/mallorca\/wp-json\/wp\/v2\/tags?post=26540"}],"curies":[{"name":"wp","href":"https:\/\/api.w.org\/{rel}","templated":true}]}}