{"id":26585,"date":"2022-02-20T12:15:50","date_gmt":"2022-02-20T10:15:50","guid":{"rendered":"http:\/\/www.psib-psoe.org\/mallorca\/?p=26585"},"modified":"2022-02-20T12:15:50","modified_gmt":"2022-02-20T10:15:50","slug":"els-socialistes-dalgaida-reelegeixen-xesc-miralles-com-a-secretari-general-amb-lobjectiu-de-continuar-millorant-algaida-pina-i-randa-des-del-govern-municipal","status":"publish","type":"post","link":"https:\/\/www.psib-psoe.org\/mallorca\/els-socialistes-dalgaida-reelegeixen-xesc-miralles-com-a-secretari-general-amb-lobjectiu-de-continuar-millorant-algaida-pina-i-randa-des-del-govern-municipal\/","title":{"rendered":"Els Socialistes d\u2019Algaida reelegeixen Xesc Miralles com a Secretari General amb l\u2019objectiu de continuar millorant Algaida, Pina i Randa des del govern municipal"},"content":{"rendered":"<div class=\"wpb-content-wrapper\">[vc_row][vc_column][vc_single_image image=&#8221;26586&#8243; img_size=&#8221;full&#8221; alignment=&#8221;center&#8221;][\/vc_column][\/vc_row][vc_row][vc_column][vc_column_text]<em><u>Xesc Miralles: \u201cRenovam l\u2019executiva local amb la mirada posada a les eleccions del 2023\u201d<\/u><\/em><\/p>\n[\/vc_column_text][\/vc_column][\/vc_row][vc_row][vc_column width=&#8221;1\/2&#8243;][vc_column_text]L\u2019Assemblea Socialista d\u2019Algaida ha reelegit a Xesc Miralles com a Secretari General de l\u2019agrupaci\u00f3. Miralles ha comentat: \u201crenovam la comissi\u00f3 executiva local amb la clara intenci\u00f3 de seguir donant suport a l\u2019equip de govern municipal pel compliment del pacte de govern\u201d.<\/p>\n<p>El Secretari General ha declarat tamb\u00e9 tenen en ment i ja s\u2019han posat a treballar en una fita tan important com s\u00f3n les eleccions municipals de l\u2019any 2023. Precisament, sobre les eleccions del pr\u00f2xim any Miralles ha afegit que els socialistes d\u2019Algaida volen seguir amb el projecte socialista i seguir treballant per millorar Algaida, Pina i Randa.<\/p>\n<p>Cal recordar que els socialistes porten prop de tres d\u00e8cades al capdavant de l\u2019Ajuntament. L\u2019actual batlessa, la socialista Maria Ant\u00f2nia Mulet, va cam\u00ed de la seva tercera legislatura. A part de la batlessa, l\u2019actual equip de govern est\u00e0 compost per cinc regidors socialistes (Margalida Garcias, Jaume Lliteras, Margarita Fullana, Lloren\u00e7 Gil i Catalina Pastor).[\/vc_column_text][\/vc_column][vc_column width=&#8221;1\/2&#8243;][vc_column_text]Aix\u00ed, la Comissi\u00f3 Executiva Socialista queda de la seg\u00fcent manera: Xesc Miralles Mascar\u00f3 com a Secretari General; Jaume Lliteras Ballester com a Secretari d\u2019Organitzaci\u00f3 i Maria Ant\u00f2nia Mulet Vich com a Secret\u00e0ria de Pol\u00edtica Municipal.<\/p>\n<p>Van acompanyar a l\u2019Executiva Local alguns membres de la Comissi\u00f3 Executiva de la Federaci\u00f3 Socialista de Mallorca: Javier de Juan, vice secretari general; Ant\u00f2nia Sastre, secret\u00e0ria d\u2019organitzaci\u00f3 i acci\u00f3 electoral i Tolo Aguilar, secretari de coordinaci\u00f3 territorial.<\/p>\n[\/vc_column_text][\/vc_column][\/vc_row]\n<\/div>","protected":false},"excerpt":{"rendered":"<p>[vc_row][vc_column][vc_single_image image=&#8221;26586&#8243; img_size=&#8221;full&#8221; alignment=&#8221;center&#8221;][\/vc_column][\/vc_row][vc_row][vc_column][vc_column_text]Xesc Miralles: \u201cRenovam l\u2019executiva local amb la mirada posada a les eleccions del 2023\u201d [\/vc_column_text][\/vc_column][\/vc_row][vc_row][vc_column width=&#8221;1\/2&#8243;][vc_column_text]L\u2019Assemblea Socialista d\u2019Algaida ha reelegit a Xesc Miralles com a Secretari General de l\u2019agrupaci\u00f3. Miralles ha comentat: \u201crenovam la comissi\u00f3 executiva local amb la clara intenci\u00f3 de seguir donant suport a l\u2019equip de govern municipal pel compliment&hellip;<\/p>\n","protected":false},"author":6,"featured_media":26586,"comment_status":"open","ping_status":"open","sticky":false,"template":"","format":"standard","meta":{"footnotes":""},"categories":[90,92],"tags":[223,227,224,186,226,160,228,84,225],"class_list":["post-26585","post","type-post","status-publish","format-standard","has-post-thumbnail","hentry","category-municipis","category-portada","tag-algaida","tag-antonia-sastre","tag-assemblea-algaida","tag-jaume-mateu","tag-javier-de-juan","tag-mallorca","tag-part-forana","tag-psib-psoe","tag-xesc-miralles"],"_links":{"self":[{"href":"https:\/\/www.psib-psoe.org\/mallorca\/wp-json\/wp\/v2\/posts\/26585"}],"collection":[{"href":"https:\/\/www.psib-psoe.org\/mallorca\/wp-json\/wp\/v2\/posts"}],"about":[{"href":"https:\/\/www.psib-psoe.org\/mallorca\/wp-json\/wp\/v2\/types\/post"}],"author":[{"embeddable":true,"href":"https:\/\/www.psib-psoe.org\/mallorca\/wp-json\/wp\/v2\/users\/6"}],"replies":[{"embeddable":true,"href":"https:\/\/www.psib-psoe.org\/mallorca\/wp-json\/wp\/v2\/comments?post=26585"}],"version-history":[{"count":0,"href":"https:\/\/www.psib-psoe.org\/mallorca\/wp-json\/wp\/v2\/posts\/26585\/revisions"}],"wp:featuredmedia":[{"embeddable":true,"href":"https:\/\/www.psib-psoe.org\/mallorca\/wp-json\/wp\/v2\/media\/26586"}],"wp:attachment":[{"href":"https:\/\/www.psib-psoe.org\/mallorca\/wp-json\/wp\/v2\/media?parent=26585"}],"wp:term":[{"taxonomy":"category","embeddable":true,"href":"https:\/\/www.psib-psoe.org\/mallorca\/wp-json\/wp\/v2\/categories?post=26585"},{"taxonomy":"post_tag","embeddable":true,"href":"https:\/\/www.psib-psoe.org\/mallorca\/wp-json\/wp\/v2\/tags?post=26585"}],"curies":[{"name":"wp","href":"https:\/\/api.w.org\/{rel}","templated":true}]}}