{"id":26588,"date":"2022-02-23T13:16:32","date_gmt":"2022-02-23T11:16:32","guid":{"rendered":"http:\/\/www.psib-psoe.org\/mallorca\/?p=26588"},"modified":"2022-02-23T13:16:32","modified_gmt":"2022-02-23T11:16:32","slug":"els-socialistes-de-lloseta-elegeixen-chema-munoz-com-a-secretari-general","status":"publish","type":"post","link":"https:\/\/www.psib-psoe.org\/mallorca\/els-socialistes-de-lloseta-elegeixen-chema-munoz-com-a-secretari-general\/","title":{"rendered":"Els Socialistes de Lloseta elegeixen Chema Mu\u00f1oz com a Secretari General"},"content":{"rendered":"<div class=\"wpb-content-wrapper\">[vc_row][vc_column][vc_single_image image=&#8221;26589&#8243; img_size=&#8221;full&#8221; alignment=&#8221;center&#8221;][\/vc_column][\/vc_row][vc_row][vc_column][vc_column_text]<em><u>Chema Mu\u00f1oz: \u201cEl meu objectiu \u00e9s continuar sent el batle de Lloseta en les eleccions de 2023 per poder seguir fent feina pel llosetins i llosetines\u201d<\/u><\/em>[\/vc_column_text][\/vc_column][\/vc_row][vc_row][vc_column width=&#8221;1\/2&#8243;][vc_column_text]L\u2019Assemblea Socialista de Lloseta ha elegit a Chema Mu\u00f1oz com a Secretari General de l\u2019agrupaci\u00f3. Mu\u00f1oz ha comentat: \u201cla feina de la nova executiva \u00e9s continuar fent feina pel poble amb la mira posada a les eleccions de 2023 amb l\u2019objectiu de revalidar la batlia a Lloseta\u201d.<\/p>\n<p>Mu\u00f1oz ha afegit: \u201cVull donar les gr\u00e0cies a tots els militants i simpatitzants del partit per depositar la seva confian\u00e7a amb mi i per fer-nos costat en aquests darrers anys tan dif\u00edcils per tots\u201d.<\/p>\n<p>Duran l\u2019Assemblea, la Federaci\u00f3 Socialista de Mallorca ha volgut\u00a0\u00a0\u00a0\u00a0\u00a0 tenir un record per l\u2019anterior Secretari General de l\u2019agrupaci\u00f3 a Lloseta, Antonio Sales, que va morir a finals de 2020. Se li va fer entrega d\u2019un ram de flors a la seva v\u00eddua, Ant\u00f2nia Serra.[\/vc_column_text][\/vc_column][vc_column width=&#8221;1\/2&#8243;][vc_column_text]Aix\u00ed, la Comissi\u00f3 Executiva Socialista queda de la seg\u00fcent manera: Chema Mu\u00f1oz com a Secretari General; Paquita Campins com a Secretari d\u2019Organitzaci\u00f3; Ant\u00f2nia Massanet com a Secret\u00e0ria de Pol\u00edtica Municipal i Francesc Abolafio com a Vocal.<\/p>\n<p>Van acompanyar a l\u2019Executiva Local alguns membres de la Comissi\u00f3 Executiva de la Federaci\u00f3 Socialista de Mallorca: Marc L\u00f3pez, secretari de pol\u00edtica municipal; Ant\u00f2nia Sastre, secret\u00e0ria d\u2019organitzaci\u00f3 i acci\u00f3 electoral i Tolo Aguilar, secretari de coordinaci\u00f3 territorial.[\/vc_column_text][\/vc_column][\/vc_row]\n<\/div>","protected":false},"excerpt":{"rendered":"<p>[vc_row][vc_column][vc_single_image image=&#8221;26589&#8243; img_size=&#8221;full&#8221; alignment=&#8221;center&#8221;][\/vc_column][\/vc_row][vc_row][vc_column][vc_column_text]Chema Mu\u00f1oz: \u201cEl meu objectiu \u00e9s continuar sent el batle de Lloseta en les eleccions de 2023 per poder seguir fent feina pel llosetins i llosetines\u201d[\/vc_column_text][\/vc_column][\/vc_row][vc_row][vc_column width=&#8221;1\/2&#8243;][vc_column_text]L\u2019Assemblea Socialista de Lloseta ha elegit a Chema Mu\u00f1oz com a Secretari General de l\u2019agrupaci\u00f3. Mu\u00f1oz ha comentat: \u201cla feina de la nova executiva \u00e9s continuar&hellip;<\/p>\n","protected":false},"author":4,"featured_media":26589,"comment_status":"open","ping_status":"open","sticky":false,"template":"","format":"standard","meta":{"footnotes":""},"categories":[90,92],"tags":[229,230,195,198],"class_list":["post-26588","post","type-post","status-publish","format-standard","has-post-thumbnail","hentry","category-municipis","category-portada","tag-assemblea-lloseta","tag-lloseta","tag-psib","tag-psoe"],"_links":{"self":[{"href":"https:\/\/www.psib-psoe.org\/mallorca\/wp-json\/wp\/v2\/posts\/26588"}],"collection":[{"href":"https:\/\/www.psib-psoe.org\/mallorca\/wp-json\/wp\/v2\/posts"}],"about":[{"href":"https:\/\/www.psib-psoe.org\/mallorca\/wp-json\/wp\/v2\/types\/post"}],"author":[{"embeddable":true,"href":"https:\/\/www.psib-psoe.org\/mallorca\/wp-json\/wp\/v2\/users\/4"}],"replies":[{"embeddable":true,"href":"https:\/\/www.psib-psoe.org\/mallorca\/wp-json\/wp\/v2\/comments?post=26588"}],"version-history":[{"count":0,"href":"https:\/\/www.psib-psoe.org\/mallorca\/wp-json\/wp\/v2\/posts\/26588\/revisions"}],"wp:featuredmedia":[{"embeddable":true,"href":"https:\/\/www.psib-psoe.org\/mallorca\/wp-json\/wp\/v2\/media\/26589"}],"wp:attachment":[{"href":"https:\/\/www.psib-psoe.org\/mallorca\/wp-json\/wp\/v2\/media?parent=26588"}],"wp:term":[{"taxonomy":"category","embeddable":true,"href":"https:\/\/www.psib-psoe.org\/mallorca\/wp-json\/wp\/v2\/categories?post=26588"},{"taxonomy":"post_tag","embeddable":true,"href":"https:\/\/www.psib-psoe.org\/mallorca\/wp-json\/wp\/v2\/tags?post=26588"}],"curies":[{"name":"wp","href":"https:\/\/api.w.org\/{rel}","templated":true}]}}