{"id":26605,"date":"2022-02-27T13:50:31","date_gmt":"2022-02-27T11:50:31","guid":{"rendered":"http:\/\/www.psib-psoe.org\/mallorca\/?p=26605"},"modified":"2022-02-27T13:50:31","modified_gmt":"2022-02-27T11:50:31","slug":"els-socialistes-de-ses-salines-colonia-de-sant-jordi-reelegeixen-xisca-burguera-com-a-secretaria-general","status":"publish","type":"post","link":"https:\/\/www.psib-psoe.org\/mallorca\/els-socialistes-de-ses-salines-colonia-de-sant-jordi-reelegeixen-xisca-burguera-com-a-secretaria-general\/","title":{"rendered":"Els Socialistes de Ses Salines-Col\u00f2nia de Sant Jordi  reelegeixen Xisca Burguera com a Secret\u00e0ria General"},"content":{"rendered":"<div class=\"wpb-content-wrapper\">[vc_row][vc_column width=&#8221;1\/2&#8243;][vc_single_image image=&#8221;26608&#8243; img_size=&#8221;full&#8221; alignment=&#8221;center&#8221;][\/vc_column][vc_column width=&#8221;1\/2&#8243;][vc_single_image image=&#8221;26606&#8243; img_size=&#8221;full&#8221;][\/vc_column][\/vc_row][vc_row][vc_column][vc_column_text]<em><u>Xisca Burguera: \u201cEl nostre municipi necessita un canvi i, a partir d\u2019ara, farem feina perqu\u00e8 a les eleccions del 2023 aquest canvi sigui possible\u201d <\/u><\/em>[\/vc_column_text][\/vc_column][\/vc_row][vc_row][vc_column width=&#8221;1\/2&#8243;][vc_column_text]L\u2019Assemblea Socialista de Ses Salines-Col\u00f2nia de Sant Jordi ha reelegit Xisca Burguera com a Secret\u00e0ria General de l\u2019Agrupaci\u00f3. Burguera ha comentat que \u201cper davant tenim un repte apassionant, en els pr\u00f2xims mesos ens posarem a fer feina amb l\u2019objectiu que a les eleccions del 2023 hi hagi un canvi a Ses Salines\u201d.<\/p>\n<p>Burguera ha afegit que \u201cvull donar les gr\u00e0cies a tots els companys i companyes del partit per la confian\u00e7a que han dipositat en mi una vegada m\u00e9s, amb la feina de tots i totes anirem aconseguint els nostres objectius\u201d.<\/p>\n[\/vc_column_text][\/vc_column][vc_column width=&#8221;1\/2&#8243;][vc_column_text]Aix\u00ed, la Comissi\u00f3 Executiva Socialista de Ses Salines-Col\u00f2nia de Sant Jordi queda de la seg\u00fcent manera: Xisca Burguera com a Secret\u00e0ria General; Ant\u00f2nia Garcias com a Secret\u00e0ria d\u2019Organitzaci\u00f3 i Igualtat; Pep Lluis Bastante com a Secretari de Pol\u00edtica Municipal i Mercedes Salas com a Secret\u00e0ria de Turisme.<\/p>\n<p>Van acompanyar a l\u2019Executiva Local alguns membres de la Comissi\u00f3 Executiva de la Federaci\u00f3 Socialista de Mallorca: Patricia G\u00f3mez, Presidenta de la Federaci\u00f3; Marc L\u00f3pez, Secretari de Pol\u00edtica Municipal. Cosme Bonet, Secretari d\u2019Organitzaci\u00f3 de la Comissi\u00f3 Executiva del PSIB-PSOE, tamb\u00e9 hi va ser present.[\/vc_column_text][\/vc_column][\/vc_row]\n<\/div>","protected":false},"excerpt":{"rendered":"<p>[vc_row][vc_column width=&#8221;1\/2&#8243;][vc_single_image image=&#8221;26608&#8243; img_size=&#8221;full&#8221; alignment=&#8221;center&#8221;][\/vc_column][vc_column width=&#8221;1\/2&#8243;][vc_single_image image=&#8221;26606&#8243; img_size=&#8221;full&#8221;][\/vc_column][\/vc_row][vc_row][vc_column][vc_column_text]Xisca Burguera: \u201cEl nostre municipi necessita un canvi i, a partir d\u2019ara, farem feina perqu\u00e8 a les eleccions del 2023 aquest canvi sigui possible\u201d [\/vc_column_text][\/vc_column][\/vc_row][vc_row][vc_column width=&#8221;1\/2&#8243;][vc_column_text]L\u2019Assemblea Socialista de Ses Salines-Col\u00f2nia de Sant Jordi ha reelegit Xisca Burguera com a Secret\u00e0ria General de l\u2019Agrupaci\u00f3. Burguera ha comentat que \u201cper&hellip;<\/p>\n","protected":false},"author":6,"featured_media":26608,"comment_status":"open","ping_status":"open","sticky":false,"template":"","format":"standard","meta":{"footnotes":""},"categories":[90,92],"tags":[181,106,237,236,239,180,238],"class_list":["post-26605","post","type-post","status-publish","format-standard","has-post-thumbnail","hentry","category-municipis","category-portada","tag-colonia-de-sant-jordi","tag-cosme-bonet","tag-marc-lopez","tag-patricia-gomez","tag-pisb-psoe","tag-ses-salines","tag-xisca-burguera"],"_links":{"self":[{"href":"https:\/\/www.psib-psoe.org\/mallorca\/wp-json\/wp\/v2\/posts\/26605"}],"collection":[{"href":"https:\/\/www.psib-psoe.org\/mallorca\/wp-json\/wp\/v2\/posts"}],"about":[{"href":"https:\/\/www.psib-psoe.org\/mallorca\/wp-json\/wp\/v2\/types\/post"}],"author":[{"embeddable":true,"href":"https:\/\/www.psib-psoe.org\/mallorca\/wp-json\/wp\/v2\/users\/6"}],"replies":[{"embeddable":true,"href":"https:\/\/www.psib-psoe.org\/mallorca\/wp-json\/wp\/v2\/comments?post=26605"}],"version-history":[{"count":0,"href":"https:\/\/www.psib-psoe.org\/mallorca\/wp-json\/wp\/v2\/posts\/26605\/revisions"}],"wp:featuredmedia":[{"embeddable":true,"href":"https:\/\/www.psib-psoe.org\/mallorca\/wp-json\/wp\/v2\/media\/26608"}],"wp:attachment":[{"href":"https:\/\/www.psib-psoe.org\/mallorca\/wp-json\/wp\/v2\/media?parent=26605"}],"wp:term":[{"taxonomy":"category","embeddable":true,"href":"https:\/\/www.psib-psoe.org\/mallorca\/wp-json\/wp\/v2\/categories?post=26605"},{"taxonomy":"post_tag","embeddable":true,"href":"https:\/\/www.psib-psoe.org\/mallorca\/wp-json\/wp\/v2\/tags?post=26605"}],"curies":[{"name":"wp","href":"https:\/\/api.w.org\/{rel}","templated":true}]}}