{"id":26638,"date":"2022-03-10T12:56:54","date_gmt":"2022-03-10T10:56:54","guid":{"rendered":"http:\/\/www.psib-psoe.org\/mallorca\/?p=26638"},"modified":"2022-03-10T12:56:54","modified_gmt":"2022-03-10T10:56:54","slug":"els-socialistes-de-soller-denuncien-que-el-batle-acumuli-5-persones-amb-dedicacio-exclusiva-i-tingui-aturada-lactivitat-de-lajuntament","status":"publish","type":"post","link":"https:\/\/www.psib-psoe.org\/mallorca\/els-socialistes-de-soller-denuncien-que-el-batle-acumuli-5-persones-amb-dedicacio-exclusiva-i-tingui-aturada-lactivitat-de-lajuntament\/","title":{"rendered":"Els Socialistes de S\u00f3ller denuncien que el batle acumuli 5 persones amb dedicaci\u00f3 exclusiva i tingui aturada l\u2019activitat de l\u2019Ajuntament"},"content":{"rendered":"<div class=\"wpb-content-wrapper\">[vc_row][vc_column][vc_single_image image=&#8221;26149&#8243; img_size=&#8221;full&#8221; alignment=&#8221;center&#8221;][\/vc_column][\/vc_row][vc_row][vc_column][vc_column_text]<em><u>Jaume Mateu: \u201cNo ha estat capa\u00e7 de dur cap punt al Ple mentre s\u2019hauria pogut dur l\u2019expedient per permetre plaques solars a les teulades, subvencions per a entitats socials, el projecte del nou centre de dia, etc\u201d<\/u><\/em>[\/vc_column_text][\/vc_column][\/vc_row][vc_row][vc_column width=&#8221;1\/2&#8243;][vc_column_text]El portaveu del Grup Municipal Socialista a l\u2019Ajuntament de S\u00f3ller, Jaume Mateu, ha denunciat que el Govern municipal, format pel Partit Popular, El Pi i Sebasti\u00e0 Aguil\u00f3 -exregidor de C\u2019s i ara de Seny i Sentit-, i liderat per Carlos Simarro hagin convocat un plenari amb nom\u00e9s un punt del dia per aprovar la contractaci\u00f3 d\u2019una nova pla\u00e7a de dedicaci\u00f3 exclusiva amb la qual, ja acumulen sis persones en aquesta posici\u00f3.<\/p>\n<p>D\u2019aquesta manera, el socialista ha expressat que \u201cuna vegada m\u00e9s els tres partits que ens governen han enganat a tot el poble en un Ple buit on nom\u00e9s s\u2019ha duit un punt amb un contingut: crear una nova dedicaci\u00f3 exclusiva a l\u2019equip de govern municipal\u201d. Aix\u00ed, Mateu ha explicat que \u201cja acumulen 4 regidors i el batle cobrant un bon sou de l\u2019Ajuntament, tot un r\u00e8cord, ja que en l\u2019anterior mandant, amb el Govern del PSIB-PSOE i M\u00e9s eren nom\u00e9s 2 persones amb un sou m\u00e9s baix\u201d.<\/p>\n<p>Mateu ha incidit que \u201ctenir cinc persones amb dedicaci\u00f3 exclusiva i no ser capa\u00e7 de dur cap punt al Ple per millorar S\u00f3ller i la vida dels ciutadans, nom\u00e9s vol dir una cosa: que el pacte PP-Pi-Aguil\u00f3 \u00e9s incapa\u00e7 de gestionar l\u2019Ajuntament\u201d. El socialista ha subratllat que \u201cel batle i els regidors es dediquen a fer-se fotos, mentre els expedients s\u2019acumulen i, ni tan sols, es convoquen comissions informatives suficients per poder demanar com es troben certs assumptes\u201d.[\/vc_column_text][\/vc_column][vc_column width=&#8221;1\/2&#8243;][vc_column_text]<strong>Projectes abandonats per l\u2019Ajuntament<\/strong><\/p>\n<p>El socialista ha exposat que l\u2019Ajuntament est\u00e0 abandonant determinats projectes que millorarien la vida dels sollerics i solleriques. Per exemple, Mateu ha fet esment a l\u2019expedient per permetre plaques solars a les teulades, la convocat\u00f2ria de subvencions per a entitats socials o esportives o el projecte per a un nou centre de dia.<\/p>\n<p>Mateu ha recordat que \u201cencara a S\u00f3ller no tenim uns nous pressupostos, fa dos anys que funcionam amb uns comptes prorrogades que no s\u2019adapten a les necessitats de la gent i a la realitat del municipi de S\u00f3ller\u201d. En relaci\u00f3 amb aix\u00f2, tamb\u00e9 ha insistit que el batle podria dur a terme l\u2019expedient per un paquet d\u2019ajudes per als sectors econ\u00f2mics, entre d\u2019altres molts temes.<\/p>\n<p>Finalment, Mateu ha criticat que \u201ca poc m\u00e9s d\u2019un any d\u2019acabar el mandat, els socialistes nom\u00e9s esperam que no deixin la caixa buida, com ha fet Simarro cada vegada que ha governat, per, despr\u00e9s, governar els socialistes i arreglar els desastres que ens ha deixat d\u2019her\u00e8ncia\u201d.[\/vc_column_text][\/vc_column][\/vc_row]\n<\/div>","protected":false},"excerpt":{"rendered":"<p>[vc_row][vc_column][vc_single_image image=&#8221;26149&#8243; img_size=&#8221;full&#8221; alignment=&#8221;center&#8221;][\/vc_column][\/vc_row][vc_row][vc_column][vc_column_text]Jaume Mateu: \u201cNo ha estat capa\u00e7 de dur cap punt al Ple mentre s\u2019hauria pogut dur l\u2019expedient per permetre plaques solars a les teulades, subvencions per a entitats socials, el projecte del nou centre de dia, etc\u201d[\/vc_column_text][\/vc_column][\/vc_row][vc_row][vc_column width=&#8221;1\/2&#8243;][vc_column_text]El portaveu del Grup Municipal Socialista a l\u2019Ajuntament de S\u00f3ller, Jaume Mateu, ha denunciat que&hellip;<\/p>\n","protected":false},"author":4,"featured_media":26149,"comment_status":"open","ping_status":"open","sticky":false,"template":"","format":"standard","meta":{"footnotes":""},"categories":[90,92],"tags":[],"class_list":["post-26638","post","type-post","status-publish","format-standard","has-post-thumbnail","hentry","category-municipis","category-portada"],"_links":{"self":[{"href":"https:\/\/www.psib-psoe.org\/mallorca\/wp-json\/wp\/v2\/posts\/26638"}],"collection":[{"href":"https:\/\/www.psib-psoe.org\/mallorca\/wp-json\/wp\/v2\/posts"}],"about":[{"href":"https:\/\/www.psib-psoe.org\/mallorca\/wp-json\/wp\/v2\/types\/post"}],"author":[{"embeddable":true,"href":"https:\/\/www.psib-psoe.org\/mallorca\/wp-json\/wp\/v2\/users\/4"}],"replies":[{"embeddable":true,"href":"https:\/\/www.psib-psoe.org\/mallorca\/wp-json\/wp\/v2\/comments?post=26638"}],"version-history":[{"count":0,"href":"https:\/\/www.psib-psoe.org\/mallorca\/wp-json\/wp\/v2\/posts\/26638\/revisions"}],"wp:featuredmedia":[{"embeddable":true,"href":"https:\/\/www.psib-psoe.org\/mallorca\/wp-json\/wp\/v2\/media\/26149"}],"wp:attachment":[{"href":"https:\/\/www.psib-psoe.org\/mallorca\/wp-json\/wp\/v2\/media?parent=26638"}],"wp:term":[{"taxonomy":"category","embeddable":true,"href":"https:\/\/www.psib-psoe.org\/mallorca\/wp-json\/wp\/v2\/categories?post=26638"},{"taxonomy":"post_tag","embeddable":true,"href":"https:\/\/www.psib-psoe.org\/mallorca\/wp-json\/wp\/v2\/tags?post=26638"}],"curies":[{"name":"wp","href":"https:\/\/api.w.org\/{rel}","templated":true}]}}