{"id":26687,"date":"2022-03-26T12:32:19","date_gmt":"2022-03-26T10:32:19","guid":{"rendered":"http:\/\/www.psib-psoe.org\/mallorca\/?p=26687"},"modified":"2022-03-26T12:32:19","modified_gmt":"2022-03-26T10:32:19","slug":"xesca-mir-elegida-nova-secretaria-general-de-lagrupacio-socialista-de-sa-pobla","status":"publish","type":"post","link":"https:\/\/www.psib-psoe.org\/mallorca\/xesca-mir-elegida-nova-secretaria-general-de-lagrupacio-socialista-de-sa-pobla\/","title":{"rendered":"Xesca Mir elegida nova Secret\u00e0ria General de l\u2019Agrupaci\u00f3 Socialista de Sa Pobla"},"content":{"rendered":"<div class=\"wpb-content-wrapper\">[vc_row][vc_column][vc_single_image image=&#8221;26688&#8243; img_size=&#8221;full&#8221; alignment=&#8221;center&#8221;][\/vc_column][\/vc_row][vc_row][vc_column][vc_column_text]<em><u>D\u2019aquesta manera, Catalina Cladera deixa el seu lloc com a Secret\u00e0ria General a la fins ara portaveu, Xesca Mir <\/u><\/em>[\/vc_column_text][\/vc_column][\/vc_row][vc_row][vc_column width=&#8221;1\/2&#8243;][vc_column_text]L&#8217;Assemblea de l&#8217;Agrupaci\u00f3 Socialista de Sa Pobla ha elegit a Xesca Mir com a nova Secret\u00e0ria General substituint a Catalina Cladera que fins ara ocupava aquest lloc. Mir ha comen\u00e7at el seu discurs comentant que \u201cprimer de tot, vull donar les gr\u00e0cies a na Cati i en Lluis pel seu suport. Tamb\u00e9 vull fer especial menci\u00f3 a Pere Cresp\u00ed Gost pels seus anys de dedicaci\u00f3 i els valors que ens ha transm\u00e8s als socialistes de Sa Pobla\u201d.<\/p>\n<p>La nova Secret\u00e0ria General ha afegit que \u201ciniciem una nova etapa a Sa Pobla amb una executiva nova amb diferents perfils. Em sent molt recolzada per ells, \u00e9s gent molt ben preparada que far\u00e0 feina de valent pel municipi i amb la que compartesc moltes afinitats personals\u201d.[\/vc_column_text][\/vc_column][vc_column width=&#8221;1\/2&#8243;][vc_column_text]Sobre el projecte de futur, Xesca Mir ha declarat que \u201cde cara a pol\u00edtiques que puguem dur a terme, no deixarem de tenir la nostra mirada en la ciutadania, que hi hagi una bona conviv\u00e8ncia i que les necessitats dels poblers i pobleres quedin cobertes. No tan sols necessitats b\u00e0siques, sin\u00f3 que tamb\u00e9 infraestructures que siguin necess\u00e0ries per a tots i totes\u201d.<\/p>\n<p>Aix\u00ed, la Comissi\u00f3 Executiva Socialista de Sa Pobla queda de la seg\u00fcent manera: Pere Cresp\u00ed com a President; Xesca Mir com a Secret\u00e0ria General; Benjam\u00edn del Olmo com a Secretari d\u2019Organitzaci\u00f3; Joan Toni Per\u00e9 com a Secretari de Pol\u00edtica Municipal; Santiago Ramis com a Secretari de Serveis Socials; Ana Maria Igualde i Laura Cladera com a vocals.[\/vc_column_text][\/vc_column][\/vc_row]\n<\/div>","protected":false},"excerpt":{"rendered":"<p>[vc_row][vc_column][vc_single_image image=&#8221;26688&#8243; img_size=&#8221;full&#8221; alignment=&#8221;center&#8221;][\/vc_column][\/vc_row][vc_row][vc_column][vc_column_text]D\u2019aquesta manera, Catalina Cladera deixa el seu lloc com a Secret\u00e0ria General a la fins ara portaveu, Xesca Mir [\/vc_column_text][\/vc_column][\/vc_row][vc_row][vc_column width=&#8221;1\/2&#8243;][vc_column_text]L&#8217;Assemblea de l&#8217;Agrupaci\u00f3 Socialista de Sa Pobla ha elegit a Xesca Mir com a nova Secret\u00e0ria General substituint a Catalina Cladera que fins ara ocupava aquest lloc. Mir ha comen\u00e7at el seu&hellip;<\/p>\n","protected":false},"author":3,"featured_media":26688,"comment_status":"open","ping_status":"open","sticky":false,"template":"","format":"standard","meta":{"footnotes":""},"categories":[90,92],"tags":[282,105,84,146,283,192],"class_list":["post-26687","post","type-post","status-publish","format-standard","has-post-thumbnail","hentry","category-municipis","category-portada","tag-asssemblea","tag-catalina-cladera","tag-psib-psoe","tag-sa-pobla","tag-socialistes-de-sa-pobla","tag-xesca-mir"],"_links":{"self":[{"href":"https:\/\/www.psib-psoe.org\/mallorca\/wp-json\/wp\/v2\/posts\/26687"}],"collection":[{"href":"https:\/\/www.psib-psoe.org\/mallorca\/wp-json\/wp\/v2\/posts"}],"about":[{"href":"https:\/\/www.psib-psoe.org\/mallorca\/wp-json\/wp\/v2\/types\/post"}],"author":[{"embeddable":true,"href":"https:\/\/www.psib-psoe.org\/mallorca\/wp-json\/wp\/v2\/users\/3"}],"replies":[{"embeddable":true,"href":"https:\/\/www.psib-psoe.org\/mallorca\/wp-json\/wp\/v2\/comments?post=26687"}],"version-history":[{"count":0,"href":"https:\/\/www.psib-psoe.org\/mallorca\/wp-json\/wp\/v2\/posts\/26687\/revisions"}],"wp:featuredmedia":[{"embeddable":true,"href":"https:\/\/www.psib-psoe.org\/mallorca\/wp-json\/wp\/v2\/media\/26688"}],"wp:attachment":[{"href":"https:\/\/www.psib-psoe.org\/mallorca\/wp-json\/wp\/v2\/media?parent=26687"}],"wp:term":[{"taxonomy":"category","embeddable":true,"href":"https:\/\/www.psib-psoe.org\/mallorca\/wp-json\/wp\/v2\/categories?post=26687"},{"taxonomy":"post_tag","embeddable":true,"href":"https:\/\/www.psib-psoe.org\/mallorca\/wp-json\/wp\/v2\/tags?post=26687"}],"curies":[{"name":"wp","href":"https:\/\/api.w.org\/{rel}","templated":true}]}}