{"id":26696,"date":"2022-03-27T13:12:25","date_gmt":"2022-03-27T11:12:25","guid":{"rendered":"http:\/\/www.psib-psoe.org\/mallorca\/?p=26696"},"modified":"2022-03-27T13:12:25","modified_gmt":"2022-03-27T11:12:25","slug":"pep-lluis-urraca-continuara-com-a-secretari-general-de-lagrupacio-socialista-de-santa-eugenia","status":"publish","type":"post","link":"https:\/\/www.psib-psoe.org\/mallorca\/pep-lluis-urraca-continuara-com-a-secretari-general-de-lagrupacio-socialista-de-santa-eugenia\/","title":{"rendered":"Pep Llu\u00eds Urraca continuar\u00e0 com a Secretari General de l\u2019Agrupaci\u00f3 Socialista de Santa Eug\u00e8nia"},"content":{"rendered":"<div class=\"wpb-content-wrapper\">[vc_row][vc_column][vc_single_image image=&#8221;26697&#8243; img_size=&#8221;full&#8221; alignment=&#8221;center&#8221;][\/vc_column][\/vc_row][vc_row][vc_column][vc_column_text]<em><u>Pep Llu\u00eds Urraca: \u201cVull donar les gr\u00e0cies a tota l\u2019Agrupaci\u00f3, estam en un moment molt bo i seguim creixent en milit\u00e0ncia i en simpatitzants\u201d<\/u><\/em>[\/vc_column_text][\/vc_column][\/vc_row][vc_row][vc_column width=&#8221;1\/2&#8243;][vc_column_text]L&#8217;Agrupaci\u00f3 Socialista de Santa Eug\u00e8nia ha celebrat la seva assemblea local on s\u2019ha elegit a la nova comissi\u00f3 executiva local i tamb\u00e9 s\u2019ha reelegit a Pep Llu\u00eds Urraca com a Secretari General de l\u2019Agrupaci\u00f3 amb l\u2019objectiu de millorar els resultats electorals i continuar a l\u2019equip de govern de l\u2019Ajuntament en les pr\u00f2ximes eleccions del 2023.<\/p>\n<p>El Secretari General de l\u2019Agrupaci\u00f3, Pep Llu\u00eds Urraca, ha comentat que \u201cprimer de tot, vull donar les gr\u00e0cies al PSIB-PSOE i a la Federaci\u00f3 Socialista de Mallorca el seu suport. Tamb\u00e9 agrair a tots els militants de Santa Eug\u00e8nia la feina que estam fent i la feina que continuarem fent. A m\u00e9s, vull agrair a Cati Coll i a Cristina Ballester la gran tasca que han fet i que estan fent a l\u2019Ajuntament com a regidores\u201d.<\/p>\n<p>Urraca ha fet una valoraci\u00f3 dels darrers anys de legislatura i ha declarat que \u201camb l\u2019equip de govern hem aconseguit que es construeixin habitatges de protecci\u00f3 p\u00fablica. A m\u00e9s, hem recuperat la l\u00ednia de bus a Santa Maria. Tamb\u00e9 hem de destacar que hem estat el primer municipi de tot l\u2019Estat en tenir un auto consum compartit gr\u00e0cies a unes plaques solars que es varen construir al pati de l\u2019escola, a trav\u00e9s de l\u2019Institut Balear de l\u2019energia\u201d.<\/p>\n<p>El Secretari General ha afegit que \u201ccontinuam amb la instal\u00b7laci\u00f3 de carregadors per vehicles el\u00e8ctrics, tamb\u00e9 hem implantat durant aquesta legislatura l\u2019administraci\u00f3 electr\u00f2nica a l\u2019Ajuntament de Santa Eug\u00e8nia per apropar l\u2019administraci\u00f3 al ciutad\u00e0. A m\u00e9s, tenim a punt de licitaci\u00f3 una deixalleria, per fi en tindrem una a Santa Eug\u00e8nia gr\u00e0cies al Consell de Mallorca i a diferents subvencions que hem sol\u00b7licitat. Ser\u00e0 projecte fet realitat i que el poble necessitava des de fa molts d\u2019anys\u201d.[\/vc_column_text][\/vc_column][vc_column width=&#8221;1\/2&#8243;][vc_column_text]Pep Llu\u00eds Urraca ha fet inc\u00eds en qu\u00e8 \u201cdurant aquesta legislatura hem tengut molt presents els llogarets de Santa Eug\u00e8nia i hi hem fet tasques de manteniment com la reforma part de la il\u00b7luminaci\u00f3, establir zones de l\u2019ombra, o la neteja constant d\u2019aquests llogarets\u201d.<\/p>\n<p>A m\u00e9s, Urraca ha volgut explicar les tasques que s\u2019han fet durant aquesta legislatura en les instal\u00b7lacions esportives del poble \u201cpel que fa al poliesportiu, hem constru\u00eft uns nous vestidors. A m\u00e9s hem instal\u00b7lat unes noves xarxes de protecci\u00f3 del camp de futbol. Tamb\u00e9 hem posat nova il\u00b7luminaci\u00f3 led tant al camp de futbol com al poliesportiu per complir amb l\u2019agenda mediambiental\u201d.<\/p>\n<p>Finalment, el Secretari General ha explicat els seus objectius \u201cara, volem acabar d\u2019assolir objectius, de moment, duim un compliment de programa electoral del 80%. De cara a les eleccions de 2023, volem anar a per la majoria absoluta\u201d.<\/p>\n<p>Aix\u00ed, la Comissi\u00f3 Executiva Socialista de Santa Eug\u00e8nia queda de la seg\u00fcent manera: Pep Llu\u00eds Urraca com a Secretari General; Leticia Bonn\u00edn com a Secret\u00e0ria d\u2019Organitzaci\u00f3; Andreu Muntaner com a Secretari de Pol\u00edtica Municipal.[\/vc_column_text][\/vc_column][\/vc_row]\n<\/div>","protected":false},"excerpt":{"rendered":"<p>[vc_row][vc_column][vc_single_image image=&#8221;26697&#8243; img_size=&#8221;full&#8221; alignment=&#8221;center&#8221;][\/vc_column][\/vc_row][vc_row][vc_column][vc_column_text]Pep Llu\u00eds Urraca: \u201cVull donar les gr\u00e0cies a tota l\u2019Agrupaci\u00f3, estam en un moment molt bo i seguim creixent en milit\u00e0ncia i en simpatitzants\u201d[\/vc_column_text][\/vc_column][\/vc_row][vc_row][vc_column width=&#8221;1\/2&#8243;][vc_column_text]L&#8217;Agrupaci\u00f3 Socialista de Santa Eug\u00e8nia ha celebrat la seva assemblea local on s\u2019ha elegit a la nova comissi\u00f3 executiva local i tamb\u00e9 s\u2019ha reelegit a Pep Llu\u00eds Urraca&hellip;<\/p>\n","protected":false},"author":3,"featured_media":26697,"comment_status":"open","ping_status":"open","sticky":false,"template":"","format":"standard","meta":{"footnotes":""},"categories":[90,92],"tags":[201,288,239,287,289],"class_list":["post-26696","post","type-post","status-publish","format-standard","has-post-thumbnail","hentry","category-municipis","category-portada","tag-assemblea","tag-pep-lluis-urraca","tag-pisb-psoe","tag-santa-eugenia","tag-socialistes-de-santa-eugenia"],"_links":{"self":[{"href":"https:\/\/www.psib-psoe.org\/mallorca\/wp-json\/wp\/v2\/posts\/26696"}],"collection":[{"href":"https:\/\/www.psib-psoe.org\/mallorca\/wp-json\/wp\/v2\/posts"}],"about":[{"href":"https:\/\/www.psib-psoe.org\/mallorca\/wp-json\/wp\/v2\/types\/post"}],"author":[{"embeddable":true,"href":"https:\/\/www.psib-psoe.org\/mallorca\/wp-json\/wp\/v2\/users\/3"}],"replies":[{"embeddable":true,"href":"https:\/\/www.psib-psoe.org\/mallorca\/wp-json\/wp\/v2\/comments?post=26696"}],"version-history":[{"count":0,"href":"https:\/\/www.psib-psoe.org\/mallorca\/wp-json\/wp\/v2\/posts\/26696\/revisions"}],"wp:featuredmedia":[{"embeddable":true,"href":"https:\/\/www.psib-psoe.org\/mallorca\/wp-json\/wp\/v2\/media\/26697"}],"wp:attachment":[{"href":"https:\/\/www.psib-psoe.org\/mallorca\/wp-json\/wp\/v2\/media?parent=26696"}],"wp:term":[{"taxonomy":"category","embeddable":true,"href":"https:\/\/www.psib-psoe.org\/mallorca\/wp-json\/wp\/v2\/categories?post=26696"},{"taxonomy":"post_tag","embeddable":true,"href":"https:\/\/www.psib-psoe.org\/mallorca\/wp-json\/wp\/v2\/tags?post=26696"}],"curies":[{"name":"wp","href":"https:\/\/api.w.org\/{rel}","templated":true}]}}