{"id":26699,"date":"2022-03-28T19:50:10","date_gmt":"2022-03-28T17:50:10","guid":{"rendered":"http:\/\/www.psib-psoe.org\/mallorca\/?p=26699"},"modified":"2022-03-28T19:50:10","modified_gmt":"2022-03-28T17:50:10","slug":"els-socialistes-de-mallorca-mostren-el-seu-suport-a-les-mesures-aprovades-pel-govern-despanya-per-fer-front-a-lincrement-dels-preus-de-lelectricitat-i-dels-hidrocarburs","status":"publish","type":"post","link":"https:\/\/www.psib-psoe.org\/mallorca\/els-socialistes-de-mallorca-mostren-el-seu-suport-a-les-mesures-aprovades-pel-govern-despanya-per-fer-front-a-lincrement-dels-preus-de-lelectricitat-i-dels-hidrocarburs\/","title":{"rendered":"Els Socialistes de Mallorca mostren el seu suport a les mesures aprovades pel govern d\u2019Espanya per fer front a l\u2019increment dels preus de l\u2019electricitat i dels hidrocarburs"},"content":{"rendered":"<div class=\"wpb-content-wrapper\">[vc_row][vc_column][vc_single_image image=&#8221;26701&#8243; img_size=&#8221;full&#8221; alignment=&#8221;center&#8221;][\/vc_column][\/vc_row][vc_row][vc_column][vc_raw_html]JTNDaWZyYW1lJTIwc3JjJTNEJTIyaHR0cHMlM0ElMkYlMkZ3d3cuaXZvb3guY29tJTJGcGxheWVyX2VqXzg0Njc3OTc0XzZfMS5odG1sJTNGYzElM0RlMjAwMjUlMjIlMjB3aWR0aCUzRCUyMjEwMCUyNSUyMiUyMGhlaWdodCUzRCUyMjIwMCUyMiUyMGZyYW1lYm9yZGVyJTNEJTIyMCUyMiUyMGFsbG93ZnVsbHNjcmVlbiUzRCUyMiUyMiUyMHNjcm9sbGluZyUzRCUyMm5vJTIyJTIwbG9hZGluZyUzRCUyMmxhenklMjIlM0UlM0MlMkZpZnJhbWUlM0U=[\/vc_raw_html][\/vc_column][\/vc_row][vc_row][vc_column][vc_column_text]<em><u>Catalina Cladera: \u201cEn moments de crisi com la que estam vivint, el Partit Popular no hi \u00e9s ni se l\u2019espera\u201d <\/u><\/em>[\/vc_column_text][\/vc_column][\/vc_row][vc_row][vc_column width=&#8221;1\/2&#8243;][vc_column_text]La Federaci\u00f3 Socialista de Mallorca ha celebrat aquest dilluns la seva Comissi\u00f3 Executiva per comentar l\u2019actualitat pol\u00edtica, destacar la feina feta des de la Federaci\u00f3 i marcar les prioritats de feina de les pr\u00f2ximes setmanes.<\/p>\n<p>En la roda de premsa posterior a l\u2019Executiva, la Secret\u00e0ria General de la Federaci\u00f3 Socialista de Mallorca, Catalina Cladera, ha comentat que \u201cavui, a l\u2019Executiva de la Federaci\u00f3 Socialista de Mallorca hem acordat manifestar el nostre suport a l&#8217;actuaci\u00f3 del govern d&#8217;Espanya davant la situaci\u00f3 d&#8217;augment de preus de l&#8217;electricitat i dels hidrocarburs i el malestar general generat a conseq\u00fc\u00e8ncia d\u2019aquesta situaci\u00f3\u201d.<\/p>\n<p>Cladera ha afegit que \u201ca m\u00e9s, hem reivindicat la capacitat de lideratge i negociaci\u00f3 del president Pedro S\u00e1nchez davant la Uni\u00f3 Europea per aconseguir que a la Pen\u00ednsula Ib\u00e8rica s&#8217;adopti una mesura intervencionista que permeti que, en molt poc temps, reduir de forma considerable el preu de l&#8217;electricitat. Ha assolit un acord dins la Uni\u00f3 Europea sense precedents per poder fer un tractament del preu el\u00e8ctric diferent i poder fer una intervenci\u00f3 dins el mercat de l\u2019electricitat i aix\u00ed controlar els preus\u201d.[\/vc_column_text][\/vc_column][vc_column width=&#8221;1\/2&#8243;][vc_column_text]La Secret\u00e0ria General ha fet inc\u00eds en qu\u00e8 \u201cmentre nosaltres proposem solucions i mesures, el Partit Popular es mostra en contra d\u2019aquest tipus de mesures. Seria interessant que expliquin quin tipus de mesures voldrien proposar per poder abaixar el preu de l\u2019electricitat. L\u2019\u00fanic que fa el Partit Popular quan hi ha una crisi \u00e9s dir que baixaran els impostos. Aix\u00f2 si, cada vegada que hi ha una crisi i est\u00e0 governant el Partit Popular no baixa cap impost, tot el contrari\u201d.<\/p>\n<p>Cladera ha destacat que \u201cquan el Partit Popular parla de baixada d\u2019impostos tamb\u00e9 hauria d\u2019estar obligat a explicar quins serveis p\u00fablics deixar\u00e0 de prestar, a quines persones deixar\u00e0 d\u2019ajudar. Una baixada d\u2019impostos implica autom\u00e0ticament una baixada de serveis p\u00fablics i no estar devora la gent. Tot el contrari del que hem nosaltres fet per sortir de la crisi de la pand\u00e8mia: mobilitzar recursos i mobilitzar mesures per intentar que els efectes de la crisi afectin el menys possible a la gent i als sectors econ\u00f2mics\u201d.<\/p>\n<p>&nbsp;<\/p>\n<p><strong>Valoraci\u00f3 de les Assemblees Locals<\/strong><\/p>\n<p>La Secret\u00e0ria General de la Federaci\u00f3 Socialista de Mallorca ha volgut fer una valoraci\u00f3 de les Assemblees Locals de Mallorca que s\u2019han fet en els darrers mesos \u201cel nostre objectiu \u00e9s fer al voltant de 48 Assemblees Municipals, de moment, ja n\u2019hem fet el 60% i tenim previst acabar-les a finals d\u2019abril. Estam aconseguint l\u2019objectiu de mobilitzar i posar a to el partit de cara a les eleccions de 2023. Per exemple, l\u2019Agrupaci\u00f3 de Pollen\u00e7a ha incrementat la milit\u00e0ncia en un 35% incorporant a gent jove. Aix\u00f2 \u00e9s un exemple de la mobilitzaci\u00f3 i l\u2019activaci\u00f3 del partit a Mallorca\u201d.[\/vc_column_text][\/vc_column][\/vc_row]\n<\/div>","protected":false},"excerpt":{"rendered":"<p>[vc_row][vc_column][vc_single_image image=&#8221;26701&#8243; img_size=&#8221;full&#8221; alignment=&#8221;center&#8221;][\/vc_column][\/vc_row][vc_row][vc_column][vc_raw_html]JTNDaWZyYW1lJTIwc3JjJTNEJTIyaHR0cHMlM0ElMkYlMkZ3d3cuaXZvb3guY29tJTJGcGxheWVyX2VqXzg0Njc3OTc0XzZfMS5odG1sJTNGYzElM0RlMjAwMjUlMjIlMjB3aWR0aCUzRCUyMjEwMCUyNSUyMiUyMGhlaWdodCUzRCUyMjIwMCUyMiUyMGZyYW1lYm9yZGVyJTNEJTIyMCUyMiUyMGFsbG93ZnVsbHNjcmVlbiUzRCUyMiUyMiUyMHNjcm9sbGluZyUzRCUyMm5vJTIyJTIwbG9hZGluZyUzRCUyMmxhenklMjIlM0UlM0MlMkZpZnJhbWUlM0U=[\/vc_raw_html][\/vc_column][\/vc_row][vc_row][vc_column][vc_column_text]Catalina Cladera: \u201cEn moments de crisi com la que estam vivint, el Partit Popular no hi \u00e9s ni se l\u2019espera\u201d [\/vc_column_text][\/vc_column][\/vc_row][vc_row][vc_column width=&#8221;1\/2&#8243;][vc_column_text]La Federaci\u00f3 Socialista de Mallorca ha celebrat aquest dilluns la seva Comissi\u00f3 Executiva per comentar l\u2019actualitat pol\u00edtica, destacar la feina feta des de la Federaci\u00f3 i marcar les prioritats de feina&hellip;<\/p>\n","protected":false},"author":3,"featured_media":26701,"comment_status":"open","ping_status":"open","sticky":false,"template":"","format":"standard","meta":{"footnotes":""},"categories":[2,1,92],"tags":[105,290,77,84],"class_list":["post-26699","post","type-post","status-publish","format-standard","has-post-thumbnail","hentry","category-federacio-de-mallorca","category-federacio-de-mallorca-portada","category-portada","tag-catalina-cladera","tag-executiva","tag-federacio-socialista-de-mallorca","tag-psib-psoe"],"_links":{"self":[{"href":"https:\/\/www.psib-psoe.org\/mallorca\/wp-json\/wp\/v2\/posts\/26699"}],"collection":[{"href":"https:\/\/www.psib-psoe.org\/mallorca\/wp-json\/wp\/v2\/posts"}],"about":[{"href":"https:\/\/www.psib-psoe.org\/mallorca\/wp-json\/wp\/v2\/types\/post"}],"author":[{"embeddable":true,"href":"https:\/\/www.psib-psoe.org\/mallorca\/wp-json\/wp\/v2\/users\/3"}],"replies":[{"embeddable":true,"href":"https:\/\/www.psib-psoe.org\/mallorca\/wp-json\/wp\/v2\/comments?post=26699"}],"version-history":[{"count":0,"href":"https:\/\/www.psib-psoe.org\/mallorca\/wp-json\/wp\/v2\/posts\/26699\/revisions"}],"wp:featuredmedia":[{"embeddable":true,"href":"https:\/\/www.psib-psoe.org\/mallorca\/wp-json\/wp\/v2\/media\/26701"}],"wp:attachment":[{"href":"https:\/\/www.psib-psoe.org\/mallorca\/wp-json\/wp\/v2\/media?parent=26699"}],"wp:term":[{"taxonomy":"category","embeddable":true,"href":"https:\/\/www.psib-psoe.org\/mallorca\/wp-json\/wp\/v2\/categories?post=26699"},{"taxonomy":"post_tag","embeddable":true,"href":"https:\/\/www.psib-psoe.org\/mallorca\/wp-json\/wp\/v2\/tags?post=26699"}],"curies":[{"name":"wp","href":"https:\/\/api.w.org\/{rel}","templated":true}]}}