{"id":26704,"date":"2022-03-29T12:44:57","date_gmt":"2022-03-29T10:44:57","guid":{"rendered":"http:\/\/www.psib-psoe.org\/mallorca\/?p=26704"},"modified":"2022-03-29T12:44:57","modified_gmt":"2022-03-29T10:44:57","slug":"els-socialistes-de-consell-elegeixen-a-margalida-llabres-com-a-nova-secretaria-general-de-lagrupacio","status":"publish","type":"post","link":"https:\/\/www.psib-psoe.org\/mallorca\/els-socialistes-de-consell-elegeixen-a-margalida-llabres-com-a-nova-secretaria-general-de-lagrupacio\/","title":{"rendered":"Els Socialistes de Consell elegeixen a Margalida Llabr\u00e9s com a nova Secret\u00e0ria General de l\u2019Agrupaci\u00f3"},"content":{"rendered":"<div class=\"wpb-content-wrapper\">[vc_row][vc_column][vc_single_image image=&#8221;26705&#8243; img_size=&#8221;full&#8221; alignment=&#8221;center&#8221;][\/vc_column][\/vc_row][vc_row][vc_column][vc_column_text]<em><u>Margalida Llabr\u00e9s: \u201cVull donar les gr\u00e0cies a tota l\u2019Agrupaci\u00f3 Socialista de Consell per elegir-me com a Secret\u00e0ria General\u201d<\/u><\/em>[\/vc_column_text][\/vc_column][\/vc_row][vc_row][vc_column width=&#8221;1\/2&#8243;][vc_column_text]L&#8217;Agrupaci\u00f3 Socialista de Consell ha celebrat la seva assemblea local on s\u2019ha elegit a la nova comissi\u00f3 executiva local i tamb\u00e9 s\u2019ha elegit a Margalida Llabr\u00e9s com a nova Secret\u00e0ria General de l\u2019Agrupaci\u00f3 amb l\u2019objectiu de millorar els resultats electorals i continuar a l\u2019equip de govern de l\u2019Ajuntament en les pr\u00f2ximes eleccions del 2023.<\/p>\n<p>La Secret\u00e0ria General de l\u2019Agrupaci\u00f3, Margalida Llabr\u00e9s, ha comentat que \u201cvull donar les gr\u00e0cies a tota la milit\u00e0ncia socialista de Consell per confiar amb mi. Tamb\u00e9 li vull donar les gr\u00e0cies especialment a Rafel Llobet per continuar lligat a l\u2019Agrupaci\u00f3\u201d.[\/vc_column_text][\/vc_column][vc_column width=&#8221;1\/2&#8243;][vc_column_text]Llabr\u00e9s ha volgut destacar la feina feta durant la legislatura i ha declarat que \u201cja portam 11 anys treballant des de l\u2019Ajuntament per millorar el poble i les condicions dels ve\u00efnats i ve\u00efnades de Consell. Com v\u00e0rem dir, a Consell ja hi ha remei. El nostre objectiu de cara a les eleccions de 2023 \u00e9s poder obtenir la majoria absoluta\u201d.<\/p>\n<p>Aix\u00ed, la Comissi\u00f3 Executiva Socialista de Consell queda de la seg\u00fcent manera: Margalida Llabr\u00e9s Dey\u00e0 com a Secret\u00e0ria General; Manolo Arrom Torres com a Secretari d\u2019Organitzaci\u00f3; Andreu Isern Pol com a Secretari de Pol\u00edtica Municipal; Rafel Llobet Capell\u00e0 com a Tresorer; Anna Aliona Isern Hervas i Maria del Mar Tineo Vachiano com a vocals.[\/vc_column_text][\/vc_column][\/vc_row]\n<\/div>","protected":false},"excerpt":{"rendered":"<p>[vc_row][vc_column][vc_single_image image=&#8221;26705&#8243; img_size=&#8221;full&#8221; alignment=&#8221;center&#8221;][\/vc_column][\/vc_row][vc_row][vc_column][vc_column_text]Margalida Llabr\u00e9s: \u201cVull donar les gr\u00e0cies a tota l\u2019Agrupaci\u00f3 Socialista de Consell per elegir-me com a Secret\u00e0ria General\u201d[\/vc_column_text][\/vc_column][\/vc_row][vc_row][vc_column width=&#8221;1\/2&#8243;][vc_column_text]L&#8217;Agrupaci\u00f3 Socialista de Consell ha celebrat la seva assemblea local on s\u2019ha elegit a la nova comissi\u00f3 executiva local i tamb\u00e9 s\u2019ha elegit a Margalida Llabr\u00e9s com a nova Secret\u00e0ria General de l\u2019Agrupaci\u00f3 amb&hellip;<\/p>\n","protected":false},"author":3,"featured_media":26705,"comment_status":"open","ping_status":"open","sticky":false,"template":"","format":"standard","meta":{"footnotes":""},"categories":[90,92],"tags":[293,201,243,159,291,84,292],"class_list":["post-26704","post","type-post","status-publish","format-standard","has-post-thumbnail","hentry","category-municipis","category-portada","tag-andreu-isern","tag-assemblea","tag-assemblea-local","tag-consell","tag-margalida-llabres","tag-psib-psoe","tag-socialistes-de-consell"],"_links":{"self":[{"href":"https:\/\/www.psib-psoe.org\/mallorca\/wp-json\/wp\/v2\/posts\/26704"}],"collection":[{"href":"https:\/\/www.psib-psoe.org\/mallorca\/wp-json\/wp\/v2\/posts"}],"about":[{"href":"https:\/\/www.psib-psoe.org\/mallorca\/wp-json\/wp\/v2\/types\/post"}],"author":[{"embeddable":true,"href":"https:\/\/www.psib-psoe.org\/mallorca\/wp-json\/wp\/v2\/users\/3"}],"replies":[{"embeddable":true,"href":"https:\/\/www.psib-psoe.org\/mallorca\/wp-json\/wp\/v2\/comments?post=26704"}],"version-history":[{"count":0,"href":"https:\/\/www.psib-psoe.org\/mallorca\/wp-json\/wp\/v2\/posts\/26704\/revisions"}],"wp:featuredmedia":[{"embeddable":true,"href":"https:\/\/www.psib-psoe.org\/mallorca\/wp-json\/wp\/v2\/media\/26705"}],"wp:attachment":[{"href":"https:\/\/www.psib-psoe.org\/mallorca\/wp-json\/wp\/v2\/media?parent=26704"}],"wp:term":[{"taxonomy":"category","embeddable":true,"href":"https:\/\/www.psib-psoe.org\/mallorca\/wp-json\/wp\/v2\/categories?post=26704"},{"taxonomy":"post_tag","embeddable":true,"href":"https:\/\/www.psib-psoe.org\/mallorca\/wp-json\/wp\/v2\/tags?post=26704"}],"curies":[{"name":"wp","href":"https:\/\/api.w.org\/{rel}","templated":true}]}}