{"id":26727,"date":"2022-04-05T12:45:47","date_gmt":"2022-04-05T10:45:47","guid":{"rendered":"http:\/\/www.psib-psoe.org\/mallorca\/?p=26727"},"modified":"2022-04-05T12:45:47","modified_gmt":"2022-04-05T10:45:47","slug":"els-socialistes-de-santanyi-elegeixen-a-vega-oreja-com-a-secretaria-general-de-lagrupacio","status":"publish","type":"post","link":"https:\/\/www.psib-psoe.org\/mallorca\/els-socialistes-de-santanyi-elegeixen-a-vega-oreja-com-a-secretaria-general-de-lagrupacio\/","title":{"rendered":"Els Socialistes de Santany\u00ed elegeixen a Vega Oreja com a Secret\u00e0ria General de l\u2019Agrupaci\u00f3"},"content":{"rendered":"<div class=\"wpb-content-wrapper\">[vc_row][vc_column][vc_single_image image=&#8221;26728&#8243; img_size=&#8221;full&#8221; alignment=&#8221;center&#8221;][\/vc_column][\/vc_row][vc_row][vc_column][vc_column_text]<em><u>Vega Oreja: \u201cVull agrair a tots els afiliats i simpatitzants que col\u00b7laboren activament amb la nostra Agrupaci\u00f3\u201d<\/u><\/em>[\/vc_column_text][\/vc_column][\/vc_row][vc_row][vc_column width=&#8221;1\/2&#8243;][vc_column_text]L&#8217; Agrupaci\u00f3 Socialista de Santany\u00ed ha celebrat la seva assemblea local on s\u2019ha elegit a la nova comissi\u00f3 executiva i on Vega Oreja ha sortit elegida com a Secret\u00e0ria General de l\u2019Agrupaci\u00f3. La Secret\u00e0ria General ha comentat que \u201cvull donar les gr\u00e0cies a tots els afiliats i simpatitzants pel seu temps i les seves aportacions. Tamb\u00e9 a tots els companys i companyes de partit pel seu suport\u201d.<\/p>\n<p>En els \u00faltims dos anys, l&#8217;Agrupaci\u00f3 ha estat gestionada per una gestora i les labors de l&#8217;Ajuntament, l\u2019han fet les dues regidores del partit: Mar\u00eda Bot\u00eda i Vega Oreja.<\/p>\n<p>Oreja ha destacat que \u201cen el que queda de legislatura, treballarem per v\u00e8ncer el principal problema que solem trobar-nos, la passivitat del Partit Popular en la resoluci\u00f3 de problemes de llarg recorregut en els nuclis del nostre municipi, com la manca d&#8217;aigua de qualitat adequada per al seu consum. Continuarem insistint en l&#8217;exig\u00e8ncia de responsabilitats a les empreses gestores i en la posada a punt dels elements necessaris per a la seva extracci\u00f3 i consum responsable en el nostre municipi\u201d.<\/p>\n<p>La Secret\u00e0ria General ha afegit que \u201cla recollida i gesti\u00f3 dels residus dels nostres diferents nuclis urbans, tenen un tracte molt desigual, obsolet, poc sostenible i deficient. A m\u00e9s, hi ha una manca de resoluci\u00f3 dels problemes de barreres arquitect\u00f2niques que depenen de l&#8217;ajuntament, tant en la via p\u00fablica com en edificis municipals\u201d.[\/vc_column_text][\/vc_column][vc_column width=&#8221;1\/2&#8243;][vc_column_text]A part, Oreja ha denunciat la incoherent aplicaci\u00f3 del sistema d&#8217;impostos \u201ca Santany\u00ed tenim una de les contribucions m\u00e9s altes de la comunitat i impostos com els referits a la recollida d\u2019escombraries s\u00f3n diferents en els diferents nuclis urbans del nostre municipi\u201d.<\/p>\n<p>Al seu discurs, la Secret\u00e0ria General de l\u2019Agrupaci\u00f3 Socialista de Santany\u00ed, Vega Oreja, ha tractat l\u2019etern problema del Cal\u00f3 des Moro, que s&#8217;ha enquistat per la passivitat que el Partit Popular mostra a l&#8217;hora de realitzar els tr\u00e0mits necessaris per a la posada en \u00fas legal del p\u00e0rquing que ha estat tancat reiteradament per la ADT en compliment de la llei.<\/p>\n<p>Oreja ha concl\u00f2s: \u201cals problemes esmentats s&#8217;afegeix una llarga llista de defici\u00e8ncies que cal solucionar i una llista de millores que farien la vida del nostre municipi molt m\u00e9s agradable. Aix\u00ed mateix, des del PSIB-PSOE de Santany\u00ed continuarem fent feina per les millores de car\u00e0cter social que potenci\u00efn la igualtat de drets i la transpar\u00e8ncia que el nostre partit sempre ha defensat\u201d.<\/p>\n<p>Aix\u00ed, la Comissi\u00f3 Executiva Socialista de Santany\u00ed queda de la seg\u00fcent manera: Florencio Flores com a President; Maria Vega Oreja com a Secret\u00e0ria General; Mar\u00eda Dolores Bot\u00eda Casas com a Secret\u00e0ria d\u2019Organitzaci\u00f3; Tino Davia com a Secretari de Pol\u00edtica Municipal; Juli Fuster Culebras i Isabel Zard\u00edbar Lagu\u00eda com a vocals.[\/vc_column_text][\/vc_column][\/vc_row]\n<\/div>","protected":false},"excerpt":{"rendered":"<p>[vc_row][vc_column][vc_single_image image=&#8221;26728&#8243; img_size=&#8221;full&#8221; alignment=&#8221;center&#8221;][\/vc_column][\/vc_row][vc_row][vc_column][vc_column_text]Vega Oreja: \u201cVull agrair a tots els afiliats i simpatitzants que col\u00b7laboren activament amb la nostra Agrupaci\u00f3\u201d[\/vc_column_text][\/vc_column][\/vc_row][vc_row][vc_column width=&#8221;1\/2&#8243;][vc_column_text]L&#8217; Agrupaci\u00f3 Socialista de Santany\u00ed ha celebrat la seva assemblea local on s\u2019ha elegit a la nova comissi\u00f3 executiva i on Vega Oreja ha sortit elegida com a Secret\u00e0ria General de l\u2019Agrupaci\u00f3. La Secret\u00e0ria General&hellip;<\/p>\n","protected":false},"author":3,"featured_media":26728,"comment_status":"open","ping_status":"open","sticky":false,"template":"","format":"standard","meta":{"footnotes":""},"categories":[90,92],"tags":[201,300,236,84,297,299,298],"class_list":["post-26727","post","type-post","status-publish","format-standard","has-post-thumbnail","hentry","category-municipis","category-portada","tag-assemblea","tag-calo-des-moro","tag-patricia-gomez","tag-psib-psoe","tag-santanyi","tag-socialistes-de-santanyi","tag-vega-oreja"],"_links":{"self":[{"href":"https:\/\/www.psib-psoe.org\/mallorca\/wp-json\/wp\/v2\/posts\/26727"}],"collection":[{"href":"https:\/\/www.psib-psoe.org\/mallorca\/wp-json\/wp\/v2\/posts"}],"about":[{"href":"https:\/\/www.psib-psoe.org\/mallorca\/wp-json\/wp\/v2\/types\/post"}],"author":[{"embeddable":true,"href":"https:\/\/www.psib-psoe.org\/mallorca\/wp-json\/wp\/v2\/users\/3"}],"replies":[{"embeddable":true,"href":"https:\/\/www.psib-psoe.org\/mallorca\/wp-json\/wp\/v2\/comments?post=26727"}],"version-history":[{"count":0,"href":"https:\/\/www.psib-psoe.org\/mallorca\/wp-json\/wp\/v2\/posts\/26727\/revisions"}],"wp:featuredmedia":[{"embeddable":true,"href":"https:\/\/www.psib-psoe.org\/mallorca\/wp-json\/wp\/v2\/media\/26728"}],"wp:attachment":[{"href":"https:\/\/www.psib-psoe.org\/mallorca\/wp-json\/wp\/v2\/media?parent=26727"}],"wp:term":[{"taxonomy":"category","embeddable":true,"href":"https:\/\/www.psib-psoe.org\/mallorca\/wp-json\/wp\/v2\/categories?post=26727"},{"taxonomy":"post_tag","embeddable":true,"href":"https:\/\/www.psib-psoe.org\/mallorca\/wp-json\/wp\/v2\/tags?post=26727"}],"curies":[{"name":"wp","href":"https:\/\/api.w.org\/{rel}","templated":true}]}}