{"id":26738,"date":"2022-04-09T12:00:58","date_gmt":"2022-04-09T10:00:58","guid":{"rendered":"http:\/\/www.psib-psoe.org\/mallorca\/?p=26738"},"modified":"2022-04-09T12:00:58","modified_gmt":"2022-04-09T10:00:58","slug":"el-tribunal-de-comptes-de-madrid-arxiva-una-denuncia-presentada-pel-partit-popular-dalaro-a-lany-2018-contra-lantic-equip-de-govern","status":"publish","type":"post","link":"https:\/\/www.psib-psoe.org\/mallorca\/el-tribunal-de-comptes-de-madrid-arxiva-una-denuncia-presentada-pel-partit-popular-dalaro-a-lany-2018-contra-lantic-equip-de-govern\/","title":{"rendered":"El Tribunal de Comptes de Madrid arxiva una den\u00fancia presentada pel Partit Popular d\u2019Alar\u00f3 a l\u2019any 2018 contra l\u2019antic equip de govern"},"content":{"rendered":"<div class=\"wpb-content-wrapper\">[vc_row][vc_column][vc_single_image image=&#8221;26739&#8243; img_size=&#8221;full&#8221; alignment=&#8221;center&#8221;][\/vc_column][\/vc_row][vc_row][vc_column][vc_column_text]<em><u>Aquest Tribunal ha arxivat la causa perqu\u00e8 \u201cla infracci\u00f3 inicial va ser solucionada, no havent-se produ\u00eft menyscapte patrimonial en fons p\u00fablics susceptible de generar responsabilitat comptable\u201d<\/u><\/em>[\/vc_column_text][\/vc_column][\/vc_row][vc_row][vc_column width=&#8221;1\/2&#8243;][vc_column_text]El Tribunal de Comptes de Madrid ha presentat la resoluci\u00f3 i ha decidit arxivar definitivament una den\u00fancia presentada per Partit Popular d\u2019Alar\u00f3 a l\u2019any 2018, previ a les eleccions municipals, contra l\u2019antic equip de govern per, suposadament, licitar un projecte d\u2019obra de manera irregular. Cal destacar que el Partit Popular no ha fet cap al\u00b7legaci\u00f3, aix\u00f2 vol dir que accepta la resoluci\u00f3\u201d.<\/p>\n<p>L\u2019antic equip de govern, conformat pel PSIB-PSOE Alar\u00f3 i M\u00c9S per Alar\u00f3 ha declarat \u201cens alegram per l&#8217;arxivament de l&#8217;expedient, hem estat sempre tranquils perqu\u00e8 ten\u00edem plena confian\u00e7a amb el procediment que es va fer, amb tots els informes favorables dels t\u00e8cnics municipals. Ha quedat clar que l&#8217;actual batle d\u2019Alar\u00f3, Lloren\u00e7 Perell\u00f3 del PP, va utilitzar-ho com a estrat\u00e8gia electoral, i el que \u00e9s pitjor, ha estat utilitzant les institucions p\u00fabliques per a judicialitzar casos sense fons amb fins partidistes\u201d.[\/vc_column_text][\/vc_column][vc_column width=&#8221;1\/2&#8243;][vc_column_text]A m\u00e9s, han afegit qu\u00e8 \u201cara, el batle hauria d&#8217;explicar per qu\u00e8 va ordenar fer un nou projecte amb la despesa que aix\u00f2 suposa, podent modificar el que ja hi havia fet. \u00c9s evident que l\u2019actual projecte cont\u00e9 unes millores que no van en l\u2019inter\u00e8s general sin\u00f3 en la defensa d\u2019interessos particulars, intentant deixar sense \u00fas la galeria o \u201cXaragall\u201d que transcorr per davall d\u2019una casa particular\u201d.<\/p>\n<p>Finalment, han concl\u00f2s \u201cexigim al batle Lloren\u00e7 Perell\u00f3 una disculpa p\u00fablica a l\u2019anterior equip de govern i al personal de l\u2019Ajuntament que es va veure q\u00fcestionat per haver posat en dubte la gesti\u00f3 del projecte en q\u00fcesti\u00f3. Aquesta den\u00fancia ha suposat un exc\u00e9s de feina a determinats departaments de l\u2019Ajuntament i als seus respectius funcionaris\u201d.[\/vc_column_text][\/vc_column][\/vc_row]\n<\/div>","protected":false},"excerpt":{"rendered":"<p>[vc_row][vc_column][vc_single_image image=&#8221;26739&#8243; img_size=&#8221;full&#8221; alignment=&#8221;center&#8221;][\/vc_column][\/vc_row][vc_row][vc_column][vc_column_text]Aquest Tribunal ha arxivat la causa perqu\u00e8 \u201cla infracci\u00f3 inicial va ser solucionada, no havent-se produ\u00eft menyscapte patrimonial en fons p\u00fablics susceptible de generar responsabilitat comptable\u201d[\/vc_column_text][\/vc_column][\/vc_row][vc_row][vc_column width=&#8221;1\/2&#8243;][vc_column_text]El Tribunal de Comptes de Madrid ha presentat la resoluci\u00f3 i ha decidit arxivar definitivament una den\u00fancia presentada per Partit Popular d\u2019Alar\u00f3 a l\u2019any 2018, previ&hellip;<\/p>\n","protected":false},"author":6,"featured_media":26739,"comment_status":"open","ping_status":"open","sticky":false,"template":"","format":"standard","meta":{"footnotes":""},"categories":[90,92],"tags":[260,258,84,259],"class_list":["post-26738","post","type-post","status-publish","format-standard","has-post-thumbnail","hentry","category-municipis","category-portada","tag-aina-munar","tag-alaro","tag-psib-psoe","tag-socialistes-dalaro"],"_links":{"self":[{"href":"https:\/\/www.psib-psoe.org\/mallorca\/wp-json\/wp\/v2\/posts\/26738"}],"collection":[{"href":"https:\/\/www.psib-psoe.org\/mallorca\/wp-json\/wp\/v2\/posts"}],"about":[{"href":"https:\/\/www.psib-psoe.org\/mallorca\/wp-json\/wp\/v2\/types\/post"}],"author":[{"embeddable":true,"href":"https:\/\/www.psib-psoe.org\/mallorca\/wp-json\/wp\/v2\/users\/6"}],"replies":[{"embeddable":true,"href":"https:\/\/www.psib-psoe.org\/mallorca\/wp-json\/wp\/v2\/comments?post=26738"}],"version-history":[{"count":0,"href":"https:\/\/www.psib-psoe.org\/mallorca\/wp-json\/wp\/v2\/posts\/26738\/revisions"}],"wp:featuredmedia":[{"embeddable":true,"href":"https:\/\/www.psib-psoe.org\/mallorca\/wp-json\/wp\/v2\/media\/26739"}],"wp:attachment":[{"href":"https:\/\/www.psib-psoe.org\/mallorca\/wp-json\/wp\/v2\/media?parent=26738"}],"wp:term":[{"taxonomy":"category","embeddable":true,"href":"https:\/\/www.psib-psoe.org\/mallorca\/wp-json\/wp\/v2\/categories?post=26738"},{"taxonomy":"post_tag","embeddable":true,"href":"https:\/\/www.psib-psoe.org\/mallorca\/wp-json\/wp\/v2\/tags?post=26738"}],"curies":[{"name":"wp","href":"https:\/\/api.w.org\/{rel}","templated":true}]}}