{"id":26741,"date":"2022-04-09T16:05:27","date_gmt":"2022-04-09T14:05:27","guid":{"rendered":"http:\/\/www.psib-psoe.org\/mallorca\/?p=26741"},"modified":"2022-04-09T16:05:27","modified_gmt":"2022-04-09T14:05:27","slug":"socialistes-capdepera-reelegeixen-rafel-fernandez-secretari-general-objectiu-majoria-absoluta-2023","status":"publish","type":"post","link":"https:\/\/www.psib-psoe.org\/mallorca\/socialistes-capdepera-reelegeixen-rafel-fernandez-secretari-general-objectiu-majoria-absoluta-2023\/","title":{"rendered":"Els Socialistes de Capdepera reelegeixen Rafel Fern\u00e1ndez com a secretari general amb l\u2019objectiu d\u2019assolir la majoria absoluta a la batlia el 2023"},"content":{"rendered":"<div class=\"wpb-content-wrapper\">[vc_row][vc_column][vc_single_image image=&#8221;26742&#8243; img_size=&#8221;full&#8221; alignment=&#8221;center&#8221;][\/vc_column][\/vc_row][vc_row][vc_column][vc_column_text]<em><u>Catalina Cladera: \u201cTenim un objectiu important\u00edssim: que Capdepera torni a ser vermella a les pr\u00f2ximes eleccions\u201d<\/u><\/em>[\/vc_column_text][\/vc_column][\/vc_row][vc_row][vc_column width=&#8221;1\/2&#8243;][vc_column_text]L\u2019assemblea de l\u2019Agrupaci\u00f3 Socialista de Capdepera ha reelegit Rafel Fern\u00e1ndez com a secretari general amb l\u2019objectiu de revalidar la batlia el 2023, per\u00f2 en aquesta ocasi\u00f3 amb majoria absoluta. Ha acompanyat Fern\u00e1ndez en la seva reelecci\u00f3 la secret\u00e0ria general de la Federaci\u00f3 Socialista de Mallorca i presidenta del Consell, Catalina Cladera.<\/p>\n<p>Fern\u00e1ndez ha volgut comen\u00e7ar la seva intervenci\u00f3 donant les gr\u00e0cies a l\u2019equip de govern per la \u201ctasca ingent\u201d feta aquests prop de tres anys de legislatura, especialment durant la pand\u00e8mia, la qual ha reconegut que ha posat les coses molt dif\u00edcils per a tots els governants.<\/p>\n<p>El socialista, per\u00f2, ha exposat que \u201cara estam en un per\u00edode molt important, amb la renovaci\u00f3 de l\u2019executiva\u201d i a poc m\u00e9s d\u2019un any de les eleccions auton\u00f2miques, insulars i locals. \u201c\u00c9s hora de posar-nos les piles i de comen\u00e7ar a fer feina per guanyar unes eleccions que seran complicades\u201d, ha exposat.<\/p>\n<p>\u00c9s per aix\u00f2 que Fern\u00e1ndez ha demanat el m\u00e0xim comprom\u00eds a la renovada executiva i a la resta de la milit\u00e0ncia dels Socialistes de Capdepera. \u201cHem d\u2019estar m\u00e9s actius que mai per poder explicar tot el que hem fet els socialistes, tant des de l\u2019ajuntament com des del Consell de Mallorca i el Govern de les Illes Balears, amb les companyes Catalina Cladera i Francina Armengol\u201d.[\/vc_column_text][\/vc_column][vc_column width=&#8221;1\/2&#8243;][vc_column_text]Per la seva banda, la Secret\u00e0ria General dels Socialistes de Mallorca, Catalina Cladera, ha remarcat l\u2019objectiu per al 2023. \u201cTenim un objectiu important\u00edssim, que \u00e9s repetir que Capdepera sigui vermella a les pr\u00f2ximes eleccions\u201d, ha demanat, recordant que \u201ctot i que sigui una tradici\u00f3, mai no hem de donar per feta cap vict\u00f2ria; s\u2019ha de treballar cada dia\u201d.<\/p>\n<p>Aix\u00ed, la socialista ha demanat a l\u2019executiva i a tota la milit\u00e0ncia dels Socialistes de Capdepera que surtin des de dem\u00e0 mateix, porta a porta, a explicar el projecte socialista per revalidar el 2023 la batlia del municipi amb majoria absoluta.<\/p>\n<p><strong>\u00a0<\/strong><\/p>\n<p><strong>Comissi\u00f3 Executiva dels Socialistes de Capdepera<\/strong><\/p>\n<p>President: Fernando Pe\u00f1alver<\/p>\n<p>Secretari General: Rafel Fern\u00e1ndez<\/p>\n<p>Secret\u00e0ria d\u2019Organitzaci\u00f3: M. \u00c1ngeles Pi\u00f1eiro<\/p>\n<p>Secret\u00e0ria d\u2019Igualtat: M\u00f3nica Viejo<\/p>\n<p>Secret\u00e0ria d\u2019Economia: Lorena Molinillo<\/p>\n<p>Secretari de Pol\u00edtiques Transversals: Toni Ferr\u00e1n<\/p>\n<p>Secret\u00e0ria de Pol\u00edtica Municipal: Carmen Corraliza<\/p>\n<p>Vocals: Juan Mercant, Jos\u00e9 Antonio Moy\u00e0, Pep Uceda i Magdalena Albert\u00ed[\/vc_column_text][\/vc_column][\/vc_row]\n<\/div>","protected":false},"excerpt":{"rendered":"<p>[vc_row][vc_column][vc_single_image image=&#8221;26742&#8243; img_size=&#8221;full&#8221; alignment=&#8221;center&#8221;][\/vc_column][\/vc_row][vc_row][vc_column][vc_column_text]Catalina Cladera: \u201cTenim un objectiu important\u00edssim: que Capdepera torni a ser vermella a les pr\u00f2ximes eleccions\u201d[\/vc_column_text][\/vc_column][\/vc_row][vc_row][vc_column width=&#8221;1\/2&#8243;][vc_column_text]L\u2019assemblea de l\u2019Agrupaci\u00f3 Socialista de Capdepera ha reelegit Rafel Fern\u00e1ndez com a secretari general amb l\u2019objectiu de revalidar la batlia el 2023, per\u00f2 en aquesta ocasi\u00f3 amb majoria absoluta. Ha acompanyat Fern\u00e1ndez en la seva reelecci\u00f3&hellip;<\/p>\n","protected":false},"author":3,"featured_media":26742,"comment_status":"open","ping_status":"open","sticky":false,"template":"","format":"standard","meta":{"footnotes":""},"categories":[2,90,92],"tags":[306,105,305],"class_list":["post-26741","post","type-post","status-publish","format-standard","has-post-thumbnail","hentry","category-federacio-de-mallorca","category-municipis","category-portada","tag-capdepera","tag-catalina-cladera","tag-rafel-fernandez"],"_links":{"self":[{"href":"https:\/\/www.psib-psoe.org\/mallorca\/wp-json\/wp\/v2\/posts\/26741"}],"collection":[{"href":"https:\/\/www.psib-psoe.org\/mallorca\/wp-json\/wp\/v2\/posts"}],"about":[{"href":"https:\/\/www.psib-psoe.org\/mallorca\/wp-json\/wp\/v2\/types\/post"}],"author":[{"embeddable":true,"href":"https:\/\/www.psib-psoe.org\/mallorca\/wp-json\/wp\/v2\/users\/3"}],"replies":[{"embeddable":true,"href":"https:\/\/www.psib-psoe.org\/mallorca\/wp-json\/wp\/v2\/comments?post=26741"}],"version-history":[{"count":0,"href":"https:\/\/www.psib-psoe.org\/mallorca\/wp-json\/wp\/v2\/posts\/26741\/revisions"}],"wp:featuredmedia":[{"embeddable":true,"href":"https:\/\/www.psib-psoe.org\/mallorca\/wp-json\/wp\/v2\/media\/26742"}],"wp:attachment":[{"href":"https:\/\/www.psib-psoe.org\/mallorca\/wp-json\/wp\/v2\/media?parent=26741"}],"wp:term":[{"taxonomy":"category","embeddable":true,"href":"https:\/\/www.psib-psoe.org\/mallorca\/wp-json\/wp\/v2\/categories?post=26741"},{"taxonomy":"post_tag","embeddable":true,"href":"https:\/\/www.psib-psoe.org\/mallorca\/wp-json\/wp\/v2\/tags?post=26741"}],"curies":[{"name":"wp","href":"https:\/\/api.w.org\/{rel}","templated":true}]}}