{"id":26748,"date":"2022-04-11T14:16:09","date_gmt":"2022-04-11T12:16:09","guid":{"rendered":"http:\/\/www.psib-psoe.org\/mallorca\/?p=26748"},"modified":"2022-04-11T14:16:09","modified_gmt":"2022-04-11T12:16:09","slug":"els-socialistes-de-mallorca-participen-en-lassemblea-de-batles-i-batlesses-organitzada-pel-consell-de-mallorca","status":"publish","type":"post","link":"https:\/\/www.psib-psoe.org\/mallorca\/els-socialistes-de-mallorca-participen-en-lassemblea-de-batles-i-batlesses-organitzada-pel-consell-de-mallorca\/","title":{"rendered":"Els Socialistes de Mallorca participen en l\u2019Assemblea de batles i batlesses organitzada pel Consell de Mallorca"},"content":{"rendered":"<div class=\"wpb-content-wrapper\">[vc_row][vc_column][vc_single_image image=&#8221;26749&#8243; img_size=&#8221;full&#8221; alignment=&#8221;center&#8221;][\/vc_column][\/vc_row][vc_row][vc_column][vc_column_text]<em><u>En la trobada extraordin\u00e0ria s\u2019ha explicat als batles i batlesses els quatre punts m\u00e9s urgents i d\u2019actualitat del Consell de Mallorca<\/u><\/em>[\/vc_column_text][\/vc_column][\/vc_row][vc_row][vc_column width=&#8221;1\/2&#8243;][vc_column_text]Els batles i batlesses socialistes i diferents membres de la Federaci\u00f3 Socialista de Mallorca han participat en l\u2019Assemblea organitzada pel Consell de Mallorca per explicar i posar en com\u00fa els quatre punts m\u00e9s urgents i d\u2019actualitat de la instituci\u00f3.<\/p>\n<p>En l\u2019Assemblea, hi ha participat el Vicesecretari General Territorial de la Federaci\u00f3 Socialista de Mallorca i batle de Marratx\u00ed, Miquel Cabot. \u201cAquesta Assemblea \u00e9s molt important pels batles de Mallorca ja que, tots i totes podem expressar les nostres opinions, a m\u00e9s, el Consell de Mallorca ens explica les tasques que estan fent\u201d ha comentat Cabot.<\/p>\n<p><strong>Mesures per la situaci\u00f3 generada per la guerra d\u2019Ucra\u00efna<\/strong><\/p>\n<p><strong>\u00a0<\/strong>El primer punt que s\u2019ha tractat en l\u2019Assemblea de batles i batlesses de Mallorca \u00e9s el Pla de Mesures que s\u2019ha presentat per mitigar els efectes de la guerra d\u2019Ucra\u00efna. Miquel Cabot ha destacat que \u201cavui parlam d\u2019un tema molt important com s\u00f3n les ajudes i tot el Pla de Mesures per la guerra d\u2019Ucra\u00efna. Els socialistes hem demostrat que davant les crisis presentam ajudes per no deixar a ning\u00fa enrere i que estam al costat de la gent\u201d.<\/p>\n<p>La Secret\u00e0ria General de la Federci\u00f3 Socialista de Mallorca i Presidenta del Consell de Mallorca, Catalina Cladera ha declarat que \u201cel Pla de Mesures que hem fet \u00e9s un Pla inicial i obert que anirem ampliant. De moment, \u00e9s un Pla de 23 mesures amb un valor de 44 milions d\u2019euros que es distribueix en tres blocs: mesures econ\u00f2miques, mesures socials i mesures humanit\u00e0ries\u201d.[\/vc_column_text][\/vc_column][vc_column width=&#8221;1\/2&#8243;][vc_column_text]<strong>Reglament dels centres 0-3 anys<\/strong><\/p>\n<p>Un altre punt important que s\u2019ha tractat en la jornada d\u2019avui \u00e9s la regulaci\u00f3 dels centres infantils de 0 a 3 anys per millorar l\u2019atenci\u00f3 dels nins i nines de Mallorca i garantir la conciliaci\u00f3 familiar.<\/p>\n<p>La Secret\u00e0ria General de l\u2019Agrupaci\u00f3 Socialista de Campanet i batlessa del poble, Rosa Maria Bestard ha fet inc\u00eds en qu\u00e8 \u201cestam d\u2019enhorabona amb aquesta mesura que s\u2019ha implantat des del Consell de Mallorca i tamb\u00e9 des de l\u2019IMAS, que s\u2019hi ha fet molta feina, donant un espai de participaci\u00f3 a entitats i col\u00b7lectius que fan feina amb els nins i nines de 0 a 3 anys perqu\u00e8 aquests centres puguin atendre a nivell assistencial i educatiu als infants de 0 a 3 anys\u201d.<\/p>\n<p><strong>Pla de mesures antifrau per a la gesti\u00f3 dels Fons Next Generation<\/strong><\/p>\n<p><strong>\u00a0<\/strong>El Vicesecretari General Sectorial de la Federaci\u00f3 Socialista de Mallorca i conseller de Presid\u00e8ncia, Javier de Juan, ha explicat el darrer punt de l\u2019Assemblea, el pla de mesures antifrau dels Fons Next Generation de la Uni\u00f3n Europea per garantir el correcte \u00fas d\u2019aquests fons.<\/p>\n<p>El Secretari General de l\u2019Agrupaci\u00f3 Socialista de Palma i batle de la ciutat, Jos\u00e9 Hila, ha volgut valorar aquest punt: \u201cels Fons Next Generation s\u00f3n una oportunitat hist\u00f2rica, per aix\u00f2 cal fer una bona gesti\u00f3 d\u2019aquests fons. El Consell de Mallorca ha demostrat estar al costat dels Ajuntaments, especialment dels m\u00e9s petits, que els ajudar\u00e0 en la gesti\u00f3 d\u2019aquests Fons\u201d.<\/p>\n<p>El darrer punt que s\u2019ha tractat en l\u2019Assemblea de batles i batlesses de Mallorca celebrada al Parc Bit \u00e9s l\u2019adhesi\u00f3 al conveni amb Correus per a la instal\u00b7laci\u00f3 de caixers autom\u00e0tics a nuclis que no en disposen.[\/vc_column_text][\/vc_column][\/vc_row]\n<\/div>","protected":false},"excerpt":{"rendered":"<p>[vc_row][vc_column][vc_single_image image=&#8221;26749&#8243; img_size=&#8221;full&#8221; alignment=&#8221;center&#8221;][\/vc_column][\/vc_row][vc_row][vc_column][vc_column_text]En la trobada extraordin\u00e0ria s\u2019ha explicat als batles i batlesses els quatre punts m\u00e9s urgents i d\u2019actualitat del Consell de Mallorca[\/vc_column_text][\/vc_column][\/vc_row][vc_row][vc_column width=&#8221;1\/2&#8243;][vc_column_text]Els batles i batlesses socialistes i diferents membres de la Federaci\u00f3 Socialista de Mallorca han participat en l\u2019Assemblea organitzada pel Consell de Mallorca per explicar i posar en com\u00fa els quatre&hellip;<\/p>\n","protected":false},"author":6,"featured_media":26749,"comment_status":"open","ping_status":"open","sticky":false,"template":"","format":"standard","meta":{"footnotes":""},"categories":[89,90,92],"tags":[307,105,78,226,268,160,101,100,264,309,84,308],"class_list":["post-26748","post","type-post","status-publish","format-standard","has-post-thumbnail","hentry","category-consell-de-mallorca","category-municipis","category-portada","tag-campanet","tag-catalina-cladera","tag-fsm","tag-javier-de-juan","tag-jose-hila","tag-mallorca","tag-marratxi","tag-miquel-cabot","tag-palma","tag-parc-bit","tag-psib-psoe","tag-rosa-maria-bestard"],"_links":{"self":[{"href":"https:\/\/www.psib-psoe.org\/mallorca\/wp-json\/wp\/v2\/posts\/26748"}],"collection":[{"href":"https:\/\/www.psib-psoe.org\/mallorca\/wp-json\/wp\/v2\/posts"}],"about":[{"href":"https:\/\/www.psib-psoe.org\/mallorca\/wp-json\/wp\/v2\/types\/post"}],"author":[{"embeddable":true,"href":"https:\/\/www.psib-psoe.org\/mallorca\/wp-json\/wp\/v2\/users\/6"}],"replies":[{"embeddable":true,"href":"https:\/\/www.psib-psoe.org\/mallorca\/wp-json\/wp\/v2\/comments?post=26748"}],"version-history":[{"count":0,"href":"https:\/\/www.psib-psoe.org\/mallorca\/wp-json\/wp\/v2\/posts\/26748\/revisions"}],"wp:featuredmedia":[{"embeddable":true,"href":"https:\/\/www.psib-psoe.org\/mallorca\/wp-json\/wp\/v2\/media\/26749"}],"wp:attachment":[{"href":"https:\/\/www.psib-psoe.org\/mallorca\/wp-json\/wp\/v2\/media?parent=26748"}],"wp:term":[{"taxonomy":"category","embeddable":true,"href":"https:\/\/www.psib-psoe.org\/mallorca\/wp-json\/wp\/v2\/categories?post=26748"},{"taxonomy":"post_tag","embeddable":true,"href":"https:\/\/www.psib-psoe.org\/mallorca\/wp-json\/wp\/v2\/tags?post=26748"}],"curies":[{"name":"wp","href":"https:\/\/api.w.org\/{rel}","templated":true}]}}