{"id":26758,"date":"2022-04-22T22:32:45","date_gmt":"2022-04-22T20:32:45","guid":{"rendered":"http:\/\/www.psib-psoe.org\/mallorca\/?p=26758"},"modified":"2022-04-22T22:32:45","modified_gmt":"2022-04-22T20:32:45","slug":"la-federacio-socialista-de-mallorca-reconeix-la-vocacio-de-servei-i-els-valors-per-la-igualtat-que-representen-organitzacions-com-creu-roja-i-metges-del-mon-o-que-va-representar-maria-jose-varela","status":"publish","type":"post","link":"https:\/\/www.psib-psoe.org\/mallorca\/la-federacio-socialista-de-mallorca-reconeix-la-vocacio-de-servei-i-els-valors-per-la-igualtat-que-representen-organitzacions-com-creu-roja-i-metges-del-mon-o-que-va-representar-maria-jose-varela\/","title":{"rendered":"La Federaci\u00f3 Socialista de Mallorca reconeix la vocaci\u00f3 de servei i els valors per la igualtat que representen organitzacions com Creu Roja i Metges del M\u00f3n o que va representar Maria Jos\u00e9 Varela"},"content":{"rendered":"<div class=\"wpb-content-wrapper\">[vc_row][vc_column][vc_single_image image=&#8221;26759&#8243; img_size=&#8221;full&#8221; alignment=&#8221;center&#8221;][\/vc_column][\/vc_row][vc_row][vc_column][vc_column_text]<em><u>Els Socialistes de Mallorca han entregat el XXI Premi Maria Plaza a les entitats de Creu Roja i Metges del M\u00f3n. A t\u00edtol p\u00f2stum, a Maria Jos\u00e9 Varela<\/u><\/em>[\/vc_column_text][\/vc_column][\/vc_row][vc_row][vc_column width=&#8221;1\/2&#8243;][vc_column_text]La Federaci\u00f3 Socialista de Mallorca ha fet entrega del XXI Premi Maria Plaza a les entitats de Creu Roja i Metges del M\u00f3n per la tasca que varen fer durant la pand\u00e8mia amb l&#8217;atenci\u00f3 a les dones en situaci\u00f3 de prostituci\u00f3 que es veren abandonades i al carrer pels proxenetes.<\/p>\n<p>En representaci\u00f3 de la Creu Roja, han recollit el premi Magdalena Gelabert i Manya Do\u00f1aque. Bel\u00e9n Matesanz, ha recollit el premi en representaci\u00f3 de Metges del M\u00f3n. Adelia Olmos ha recollit el premi a t\u00edtol p\u00f2stum de Maria Jos\u00e9 Varela.<\/p>\n<p>A l\u2019entrega, hi ha estat present la Secret\u00e0ria General del PSIB-PSOE, Francina Armengol, que ha volgut de dedicar unes paraules a Creu Roja i Metges del M\u00f3n \u201cgr\u00e0cies per ser-hi sempre, sense la vostra feina, les dones en situaci\u00f3 de prostituci\u00f3 estarien invisibilitzades. Hem de ser conscients del paper que tenen entitats com aquestes\u201d.<\/p>\n<p>La Secret\u00e0ria d\u2019Igualtat de la Federaci\u00f3 Socialista de Mallorca, Nati Franc\u00e9s tamb\u00e9 ha volgut recon\u00e8ixer al seu discurs la tasca de Creu Roja i Metges del M\u00f3n \u00a0\u201cheu estat molt importants durant la pand\u00e8mia, per\u00f2 tamb\u00e9 molt abans, quan ning\u00fa es preocupava per les dones per les dones en situaci\u00f3 de prostituci\u00f3, all\u00e0 hi est\u00e0veu Metges del M\u00f3n i Creu Roja.[\/vc_column_text][\/vc_column][vc_column width=&#8221;1\/2&#8243;][vc_column_text]A t\u00edtol p\u00f2stum, s\u2019ha fet entrega del Maria Plaza a Maria Jos\u00e9 Varela, que se l\u2019hi atorgar a l\u2019any 2020 per\u00f2 amb la pand\u00e8mia no se li va poder entregar. La Secret\u00e0ria General de la Federaci\u00f3 Socialista de Mallorca, Catalina Cladera, ha comentat que \u00a0\u201cna Maria Plaza estaria molt orgullosa tamb\u00e9 de que una altra dona valenta socialista que va recollir el seu testimoni de lluita social i reivindicaci\u00f3 dels drets de les dones, com na Maria Jos\u00e9 Varela, rebi avui el seu guard\u00f3\u201d.<\/p>\n<p>Cladera ha acabat el seu discurs declarant que \u201cel feminisme \u00e9s una feina di\u00e0ria per la igualtat, el progr\u00e9s i la just\u00edcia. Aix\u00f2 ho tenia molt clar na Maria Plaza. Com sabeu, va ser militant del Partit socialista i d\u2019UGT i va exercir d\u2019apotec\u00e0ria a sa Calatrava de Palma durant tota la seva vida. A la seva farm\u00e0cia anava molta gent a curar les seves ferides per\u00f2 tamb\u00e9 a demanar consell i per aix\u00f2 era una dona molt estimada\u201d.<\/p>\n<p>El Secretari General de l\u2019Agrupaci\u00f3 Socialista de Llucmajor, Jaume Oliver, ha encetat l\u2019acte i ha agra\u00eft a la Federaci\u00f3 Socialista de Mallorca que s\u2019hagi triat Llucmajor per celebrar el XXI Premi Maria Plaza \u201cha estat una setmana molt intensa, des de l\u2019Agrupaci\u00f3 Socialista de Llucmajor hem treballat colze a colze amb la Federaci\u00f3 Socialista de Mallorca per preparar aquest acte\u201d.[\/vc_column_text][\/vc_column][\/vc_row]\n<\/div>","protected":false},"excerpt":{"rendered":"<p>[vc_row][vc_column][vc_single_image image=&#8221;26759&#8243; img_size=&#8221;full&#8221; alignment=&#8221;center&#8221;][\/vc_column][\/vc_row][vc_row][vc_column][vc_column_text]Els Socialistes de Mallorca han entregat el XXI Premi Maria Plaza a les entitats de Creu Roja i Metges del M\u00f3n. A t\u00edtol p\u00f2stum, a Maria Jos\u00e9 Varela[\/vc_column_text][\/vc_column][\/vc_row][vc_row][vc_column width=&#8221;1\/2&#8243;][vc_column_text]La Federaci\u00f3 Socialista de Mallorca ha fet entrega del XXI Premi Maria Plaza a les entitats de Creu Roja i Metges del M\u00f3n per&hellip;<\/p>\n","protected":false},"author":6,"featured_media":26759,"comment_status":"open","ping_status":"open","sticky":false,"template":"","format":"standard","meta":{"footnotes":""},"categories":[2,1,92],"tags":[105,318,77,315,234,317,314,319,316,313],"class_list":["post-26758","post","type-post","status-publish","format-standard","has-post-thumbnail","hentry","category-federacio-de-mallorca","category-federacio-de-mallorca-portada","category-portada","tag-catalina-cladera","tag-creu-roja","tag-federacio-socialista-de-mallorca","tag-francina-armengol","tag-jaume-oliver","tag-maria-jose-varela","tag-maria-plaza","tag-metges-del-mon","tag-nati-frances","tag-premis-maria-plaza"],"_links":{"self":[{"href":"https:\/\/www.psib-psoe.org\/mallorca\/wp-json\/wp\/v2\/posts\/26758"}],"collection":[{"href":"https:\/\/www.psib-psoe.org\/mallorca\/wp-json\/wp\/v2\/posts"}],"about":[{"href":"https:\/\/www.psib-psoe.org\/mallorca\/wp-json\/wp\/v2\/types\/post"}],"author":[{"embeddable":true,"href":"https:\/\/www.psib-psoe.org\/mallorca\/wp-json\/wp\/v2\/users\/6"}],"replies":[{"embeddable":true,"href":"https:\/\/www.psib-psoe.org\/mallorca\/wp-json\/wp\/v2\/comments?post=26758"}],"version-history":[{"count":0,"href":"https:\/\/www.psib-psoe.org\/mallorca\/wp-json\/wp\/v2\/posts\/26758\/revisions"}],"wp:featuredmedia":[{"embeddable":true,"href":"https:\/\/www.psib-psoe.org\/mallorca\/wp-json\/wp\/v2\/media\/26759"}],"wp:attachment":[{"href":"https:\/\/www.psib-psoe.org\/mallorca\/wp-json\/wp\/v2\/media?parent=26758"}],"wp:term":[{"taxonomy":"category","embeddable":true,"href":"https:\/\/www.psib-psoe.org\/mallorca\/wp-json\/wp\/v2\/categories?post=26758"},{"taxonomy":"post_tag","embeddable":true,"href":"https:\/\/www.psib-psoe.org\/mallorca\/wp-json\/wp\/v2\/tags?post=26758"}],"curies":[{"name":"wp","href":"https:\/\/api.w.org\/{rel}","templated":true}]}}