{"id":26788,"date":"2022-04-30T17:44:55","date_gmt":"2022-04-30T15:44:55","guid":{"rendered":"http:\/\/www.psib-psoe.org\/mallorca\/?p=26788"},"modified":"2022-04-30T17:44:55","modified_gmt":"2022-04-30T15:44:55","slug":"els-socialistes-de-mallorca-organitzen-una-serie-dactes-per-celebrar-l1-de-maig-el-dia-del-treballador","status":"publish","type":"post","link":"https:\/\/www.psib-psoe.org\/mallorca\/els-socialistes-de-mallorca-organitzen-una-serie-dactes-per-celebrar-l1-de-maig-el-dia-del-treballador\/","title":{"rendered":"Els Socialistes de Mallorca organitzen una s\u00e8rie d\u2019actes per celebrar l\u20191 de maig, el dia del treballador"},"content":{"rendered":"<div class=\"wpb-content-wrapper\">[vc_row][vc_column][vc_single_image image=&#8221;26789&#8243; img_size=&#8221;full&#8221; alignment=&#8221;center&#8221;][\/vc_column][\/vc_row][vc_row][vc_column][vc_column_text]<em><u>Amb la millora de la situaci\u00f3 sanit\u00e0ria, la Federaci\u00f3 Socialista de Mallorca ha aprofitat per reunir-se a diferents indrets de Mallorca per celebrar l\u20191 de maig<\/u><\/em>[\/vc_column_text][\/vc_column][\/vc_row][vc_row][vc_column width=&#8221;1\/2&#8243;][vc_column_text]Els socialistes de diferents municipis de Mallorca es reuniran al llarg d\u2019aquest cap de setmana per celebrar els tradicionals dinars de l\u20191 de maig que s\u2019organitzaven abans de la pand\u00e8mia.<\/p>\n<p>La Secret\u00e0ria General de la Federaci\u00f3 Socialista de Mallorca, Catalina Cladera ha declarat que \u201camb la millora de la situaci\u00f3 sanit\u00e0ria, recuperam els actes tradicionals per celebrar el dia del treballador. Aprofitarem per retrobar-mos amb els diferents companys i companyes de les diferents agrupacions de Mallorca\u201d.[\/vc_column_text][\/vc_column][vc_column width=&#8221;1\/2&#8243;][vc_column_text]L\u2019acte central de l\u20191 de maig ser\u00e0 al Parc de la Mar de Palma, on es far\u00e0 una manifestaci\u00f3 pel dia del treballador i despr\u00e9s una torrada i concert amb diferents membres de les agrupacions properes a la ciutat.<\/p>\n<p>Pel que fa a la part forana, dissabte dia 30 d\u2019abril s\u2019ha organitzat una paella a Marratx\u00ed. A m\u00e9s, diumenge dia 1 de maig es faran paelles i dinars a diferents indrets de Mallorca: Alar\u00f3, Consell, Lloseta, Son Servera i Capdepera.[\/vc_column_text][\/vc_column][\/vc_row]\n<\/div>","protected":false},"excerpt":{"rendered":"<p>[vc_row][vc_column][vc_single_image image=&#8221;26789&#8243; img_size=&#8221;full&#8221; alignment=&#8221;center&#8221;][\/vc_column][\/vc_row][vc_row][vc_column][vc_column_text]Amb la millora de la situaci\u00f3 sanit\u00e0ria, la Federaci\u00f3 Socialista de Mallorca ha aprofitat per reunir-se a diferents indrets de Mallorca per celebrar l\u20191 de maig[\/vc_column_text][\/vc_column][\/vc_row][vc_row][vc_column width=&#8221;1\/2&#8243;][vc_column_text]Els socialistes de diferents municipis de Mallorca es reuniran al llarg d\u2019aquest cap de setmana per celebrar els tradicionals dinars de l\u20191 de maig que s\u2019organitzaven&hellip;<\/p>\n","protected":false},"author":6,"featured_media":26789,"comment_status":"open","ping_status":"open","sticky":false,"template":"","format":"standard","meta":{"footnotes":""},"categories":[2,90,92],"tags":[105,78,84],"class_list":["post-26788","post","type-post","status-publish","format-standard","has-post-thumbnail","hentry","category-federacio-de-mallorca","category-municipis","category-portada","tag-catalina-cladera","tag-fsm","tag-psib-psoe"],"_links":{"self":[{"href":"https:\/\/www.psib-psoe.org\/mallorca\/wp-json\/wp\/v2\/posts\/26788"}],"collection":[{"href":"https:\/\/www.psib-psoe.org\/mallorca\/wp-json\/wp\/v2\/posts"}],"about":[{"href":"https:\/\/www.psib-psoe.org\/mallorca\/wp-json\/wp\/v2\/types\/post"}],"author":[{"embeddable":true,"href":"https:\/\/www.psib-psoe.org\/mallorca\/wp-json\/wp\/v2\/users\/6"}],"replies":[{"embeddable":true,"href":"https:\/\/www.psib-psoe.org\/mallorca\/wp-json\/wp\/v2\/comments?post=26788"}],"version-history":[{"count":0,"href":"https:\/\/www.psib-psoe.org\/mallorca\/wp-json\/wp\/v2\/posts\/26788\/revisions"}],"wp:featuredmedia":[{"embeddable":true,"href":"https:\/\/www.psib-psoe.org\/mallorca\/wp-json\/wp\/v2\/media\/26789"}],"wp:attachment":[{"href":"https:\/\/www.psib-psoe.org\/mallorca\/wp-json\/wp\/v2\/media?parent=26788"}],"wp:term":[{"taxonomy":"category","embeddable":true,"href":"https:\/\/www.psib-psoe.org\/mallorca\/wp-json\/wp\/v2\/categories?post=26788"},{"taxonomy":"post_tag","embeddable":true,"href":"https:\/\/www.psib-psoe.org\/mallorca\/wp-json\/wp\/v2\/tags?post=26788"}],"curies":[{"name":"wp","href":"https:\/\/api.w.org\/{rel}","templated":true}]}}