{"id":26797,"date":"2022-05-03T13:11:47","date_gmt":"2022-05-03T11:11:47","guid":{"rendered":"http:\/\/www.psib-psoe.org\/mallorca\/?p=26797"},"modified":"2022-05-03T13:11:47","modified_gmt":"2022-05-03T11:11:47","slug":"els-socialistes-de-binissalem-voten-en-contra-dels-pressupostos-per-no-estar-consensuats-amb-les-entitats-del-poble-ni-amb-els-partits-de-loposicio","status":"publish","type":"post","link":"https:\/\/www.psib-psoe.org\/mallorca\/els-socialistes-de-binissalem-voten-en-contra-dels-pressupostos-per-no-estar-consensuats-amb-les-entitats-del-poble-ni-amb-els-partits-de-loposicio\/","title":{"rendered":"Els socialistes de Binissalem voten en contra dels pressupostos per no estar consensuats amb les entitats del poble ni amb els partits de l\u2019oposici\u00f3"},"content":{"rendered":"<div class=\"wpb-content-wrapper\">[vc_row][vc_column][vc_single_image image=&#8221;24637&#8243; img_size=&#8221;full&#8221; alignment=&#8221;center&#8221;][\/vc_column][\/vc_row][vc_row][vc_column][vc_column_text]<em><u>Pepa Ramis: \u201cvotam en contra perqu\u00e8 s\u00f3n uns pressupostos que nom\u00e9s prioritzen les festes i no es tenen en compte altres necessitats del poble\u201d<\/u><\/em>[\/vc_column_text][\/vc_column][\/vc_row][vc_row][vc_column width=&#8221;1\/2&#8243;][vc_column_text]Els socialistes de Binissalem han votat en contra dels pressupostos presentats per l\u2019equip de govern per la falta de consens amb tots els grups municipals. A m\u00e9s, critiquen la falta d\u2019inversi\u00f3 a les associacions i entitats esportives del poble.<\/p>\n<p>La portaveu del grup socialista a Binissalem, Pepa Ramis, ha declarat que \u201caquests pressupostos no contemplen cap ajuda ni subvenci\u00f3 per a les associacions i clubs esportius del municipi, que ja porten tres anys sense rebre cap tipus d\u2019ajuda des de l\u2019Ajuntament. Tampoc hi ha partides d\u2019inversions per a les instal\u00b7lacions esportives que es troben en un estat lamentable. No es reserven partides per a millores dels centres educatius de cara al 2022, cap millora en l\u2019enllumenat ni tampoc es preveuen millores en vies p\u00fabliques, ni augment en la partida neteja vi\u00e0ria ni cap inversi\u00f3 a cap instal\u00b7laci\u00f3 municipal\u201d.<\/p>\n<p>Ramis ha afegit que \u201cs\u00f3n uns pressupostos que l\u2019\u00fanic que prioritzen \u00e9s el pagament de 800.000 \u20ac en factures extrajudicials que tenen un informe negatiu dels serveis econ\u00f2mics de la casa, ja que en el seu moment el batle orden\u00e0 una s\u00e8rie de feines que no es podien pagar perqu\u00e8 no tenia partida pressupost\u00e0ria\u201d.<\/p>\n<p>A m\u00e9s, el grup socialista critica la falta de comunicaci\u00f3 i consens de l\u2019equip de govern amb els partits de l\u2019oposici\u00f3 \u201ccritiquem les formes totalitaristes del batle i el seu tarann\u00e0 tan poc dialogant perqu\u00e8 no han volgut apostar pels pressupostos participatius tot i que fa mesos que li estem demanant. Ha trencat qualsevol tipus de canal de comunicaci\u00f3 amb els partits de l\u2019oposici\u00f3, especialment amb nosaltres\u201d.[\/vc_column_text][\/vc_column][vc_column width=&#8221;1\/2&#8243;][vc_column_text]A part de la falta de comunicaci\u00f3 amb l\u2019oposici\u00f3, la portaveu socialista municipal, Pepa Ramis, denuncia que el batle tampoc s\u2019ha reunit amb associacions i entitats esportives per a saber quines s\u00f3n les seves necessitats actuals per a incloure-les als pressupostos. \u201cCritiquem que el senyor batle, V\u00edctor Mart\u00ed, porta tres anys sense destinar ni un euro a l\u2019esport base de Binissalem\u201d ha destacat Ramis.<\/p>\n<p>Els pressupostos del 2022 presentats per l\u2019equip de govern inclouen una partida per festes i fires de 232.000 euros i amb la contractaci\u00f3 d\u2019un assessor personal a 40.000 euros. Pepa Ramis comenta que \u201cs\u00f3n uns comptes electoralistes que no prioritzen Binissalem, sin\u00f3 els interessos particulars del senyor batle\u201d.<\/p>\n<p>Ara, per aprovar els pressupostos de 2022, l\u2019equip de govern es pot sotmetre a la q\u00fcesti\u00f3 de confian\u00e7a. Ser\u00e0 la segona vegada en aquesta legislatura que el batle, V\u00edctor Mart\u00ed, ho convoca. Pepa Ramis ha declarat que \u201cuna moci\u00f3 de confian\u00e7a que \u00e9s nom\u00e9s una estrat\u00e8gia per imposar uns pressupostos plens d\u2019autobombo que no cobreix les necessitats que tenen els binissalemers i les binissalemeres\u201d.<\/p>\n<p>Ramis ha concl\u00f2s que \u201cno entenem aquests pressupostos, que volen tapar el frac\u00e0s en la gesti\u00f3 del dia a dia dels tres darrers anys del batle. Gastava sense nord i sense saber si tenia partides pressupost\u00e0ries disponibles, a m\u00e9s de fer-ho sense cap tipus de control t\u00e8cnic i administratiu dels serveis de l\u2019Ajuntament\u201d.[\/vc_column_text][\/vc_column][\/vc_row]\n<\/div>","protected":false},"excerpt":{"rendered":"<p>[vc_row][vc_column][vc_single_image image=&#8221;24637&#8243; img_size=&#8221;full&#8221; alignment=&#8221;center&#8221;][\/vc_column][\/vc_row][vc_row][vc_column][vc_column_text]Pepa Ramis: \u201cvotam en contra perqu\u00e8 s\u00f3n uns pressupostos que nom\u00e9s prioritzen les festes i no es tenen en compte altres necessitats del poble\u201d[\/vc_column_text][\/vc_column][\/vc_row][vc_row][vc_column width=&#8221;1\/2&#8243;][vc_column_text]Els socialistes de Binissalem han votat en contra dels pressupostos presentats per l\u2019equip de govern per la falta de consens amb tots els grups municipals. A m\u00e9s, critiquen&hellip;<\/p>\n","protected":false},"author":6,"featured_media":24637,"comment_status":"open","ping_status":"open","sticky":false,"template":"","format":"standard","meta":{"footnotes":""},"categories":[90,92],"tags":[335,337,336,84,338],"class_list":["post-26797","post","type-post","status-publish","format-standard","has-post-thumbnail","hentry","category-municipis","category-portada","tag-binissalem","tag-pepa-ramis","tag-pressupostos","tag-psib-psoe","tag-socialistes-de-binissalem"],"_links":{"self":[{"href":"https:\/\/www.psib-psoe.org\/mallorca\/wp-json\/wp\/v2\/posts\/26797"}],"collection":[{"href":"https:\/\/www.psib-psoe.org\/mallorca\/wp-json\/wp\/v2\/posts"}],"about":[{"href":"https:\/\/www.psib-psoe.org\/mallorca\/wp-json\/wp\/v2\/types\/post"}],"author":[{"embeddable":true,"href":"https:\/\/www.psib-psoe.org\/mallorca\/wp-json\/wp\/v2\/users\/6"}],"replies":[{"embeddable":true,"href":"https:\/\/www.psib-psoe.org\/mallorca\/wp-json\/wp\/v2\/comments?post=26797"}],"version-history":[{"count":0,"href":"https:\/\/www.psib-psoe.org\/mallorca\/wp-json\/wp\/v2\/posts\/26797\/revisions"}],"wp:featuredmedia":[{"embeddable":true,"href":"https:\/\/www.psib-psoe.org\/mallorca\/wp-json\/wp\/v2\/media\/24637"}],"wp:attachment":[{"href":"https:\/\/www.psib-psoe.org\/mallorca\/wp-json\/wp\/v2\/media?parent=26797"}],"wp:term":[{"taxonomy":"category","embeddable":true,"href":"https:\/\/www.psib-psoe.org\/mallorca\/wp-json\/wp\/v2\/categories?post=26797"},{"taxonomy":"post_tag","embeddable":true,"href":"https:\/\/www.psib-psoe.org\/mallorca\/wp-json\/wp\/v2\/tags?post=26797"}],"curies":[{"name":"wp","href":"https:\/\/api.w.org\/{rel}","templated":true}]}}