{"id":26812,"date":"2022-05-12T16:43:31","date_gmt":"2022-05-12T14:43:31","guid":{"rendered":"http:\/\/www.psib-psoe.org\/mallorca\/?p=26812"},"modified":"2022-05-12T16:43:31","modified_gmt":"2022-05-12T14:43:31","slug":"el-grup-socialista-del-consell-de-mallorca-posa-en-valor-la-creacio-de-114-nous-llocs-de-feina-publics-per-a-la-nova-residencia-de-portol","status":"publish","type":"post","link":"https:\/\/www.psib-psoe.org\/mallorca\/el-grup-socialista-del-consell-de-mallorca-posa-en-valor-la-creacio-de-114-nous-llocs-de-feina-publics-per-a-la-nova-residencia-de-portol\/","title":{"rendered":"El Grup Socialista del Consell de Mallorca posa en valor la creaci\u00f3 de 114 nous llocs de feina p\u00fablics per a la nova resid\u00e8ncia de P\u00f2rtol"},"content":{"rendered":"<div class=\"wpb-content-wrapper\">[vc_row][vc_column][vc_single_image image=&#8221;26813&#8243; img_size=&#8221;full&#8221; alignment=&#8221;center&#8221;][\/vc_column][\/vc_row][vc_row][vc_column][vc_column_text]<em><u>Sofia Alonso: \u201cAvui donam una passa important per posar en funcionament un nou recurs per a la gent gran depenent de Mallorca\u201d<\/u><\/em>[\/vc_column_text][\/vc_column][\/vc_row][vc_row][vc_column width=&#8221;1\/2&#8243;][vc_column_text]El Ple del Consell de Mallorca ha aprovat al ple ordinari la creaci\u00f3 de 114 nous llocs de feina p\u00fablics s\u2019integraran a la plantilla de professionals que treballaran a la nova resid\u00e8ncia per a gent gran de Son Caulelles, situada a P\u00f2rtol. La consellera socialista, Sofia Alonso, ha destacat que \u201cavui \u00e9s un dia important, avui donam una passa important per posar en funcionament un nou recurs per a la gent gran depenent de Mallorca\u201d.<\/p>\n<p>Aquesta nova resid\u00e8ncia de Son Caulelles a P\u00f2rtol podr\u00e0 atendre a 100 persones majors \u201cd\u2019aquesta manera, complim amb els requisits del Ministeri de Drets Socials que ens exigeix que les resid\u00e8ncies siguin m\u00e9s petites. A m\u00e9s, s\u2019exigeix que hi hagi unitats de conviv\u00e8ncia. Son Caulelles \u00e9s una aposta molt clara per un nou model de funcionament amb un centre petit organitzat per unitats de conviv\u00e8ncia de 20 persones. La intenci\u00f3 \u00e9s que sempre funcionin amb el mateix personal i amb la mateixa carrega de feina\u201d ha declarat Sofia Alonso.[\/vc_column_text][\/vc_column][vc_column width=&#8221;1\/2&#8243;][vc_column_text]Alonso ha afegit que \u201cl\u2019aprovaci\u00f3 d\u2019aquesta relaci\u00f3 de llocs de feina \u00e9s una aposta clara per un model p\u00fablic de gesti\u00f3 que, despr\u00e9s d\u2019aquests dos anys de pand\u00e8mia, veim que \u00e9s m\u00e9s que necessari. En aquesta resid\u00e8ncia hi haur\u00e0 88 habitacions amb r\u00e8gim individual que garantiran la privacitat dels usuaris. Les habitacions arribaran a ser llars. Aquesta resid\u00e8ncia per nosaltres \u00e9s un model nou que comen\u00e7a des de zero. Un model d\u2019atenci\u00f3 centrat en la persona\u201d<\/p>\n<p><strong>Noves ajudes a federacions esportives<\/strong><\/p>\n<p>Un altre dels punts destacats del Ple celebrat avui al Consell de Mallorca \u00e9s l\u2019aprovaci\u00f3 de la concessi\u00f3 de tres subvencions per un valor de m\u00e9s de 43.000\u20ac a les federacions esportives \u201caquests ajuts directes a l\u2019esport escolar federat s\u2019articulen a trav\u00e9s de diferents l\u00ednies d\u2019ajuda al teixit esportiu, amb el prop\u00f2sit que les fam\u00edlies dels joves esportistes de Mallorca en edat escolar se\u2019n benefici\u00efn\u201d ha comentat el conseller socialista Andreu Serra.[\/vc_column_text][\/vc_column][\/vc_row]\n<\/div>","protected":false},"excerpt":{"rendered":"<p>[vc_row][vc_column][vc_single_image image=&#8221;26813&#8243; img_size=&#8221;full&#8221; alignment=&#8221;center&#8221;][\/vc_column][\/vc_row][vc_row][vc_column][vc_column_text]Sofia Alonso: \u201cAvui donam una passa important per posar en funcionament un nou recurs per a la gent gran depenent de Mallorca\u201d[\/vc_column_text][\/vc_column][\/vc_row][vc_row][vc_column width=&#8221;1\/2&#8243;][vc_column_text]El Ple del Consell de Mallorca ha aprovat al ple ordinari la creaci\u00f3 de 114 nous llocs de feina p\u00fablics s\u2019integraran a la plantilla de professionals que treballaran a la&hellip;<\/p>\n","protected":false},"author":6,"featured_media":26813,"comment_status":"open","ping_status":"open","sticky":false,"template":"","format":"standard","meta":{"footnotes":""},"categories":[89,92],"tags":[343,105,83,88,84,296],"class_list":["post-26812","post","type-post","status-publish","format-standard","has-post-thumbnail","hentry","category-consell-de-mallorca","category-portada","tag-andreu-serra","tag-catalina-cladera","tag-consell-de-mallorca","tag-ple-del-consell","tag-psib-psoe","tag-sofia-alonso"],"_links":{"self":[{"href":"https:\/\/www.psib-psoe.org\/mallorca\/wp-json\/wp\/v2\/posts\/26812"}],"collection":[{"href":"https:\/\/www.psib-psoe.org\/mallorca\/wp-json\/wp\/v2\/posts"}],"about":[{"href":"https:\/\/www.psib-psoe.org\/mallorca\/wp-json\/wp\/v2\/types\/post"}],"author":[{"embeddable":true,"href":"https:\/\/www.psib-psoe.org\/mallorca\/wp-json\/wp\/v2\/users\/6"}],"replies":[{"embeddable":true,"href":"https:\/\/www.psib-psoe.org\/mallorca\/wp-json\/wp\/v2\/comments?post=26812"}],"version-history":[{"count":0,"href":"https:\/\/www.psib-psoe.org\/mallorca\/wp-json\/wp\/v2\/posts\/26812\/revisions"}],"wp:featuredmedia":[{"embeddable":true,"href":"https:\/\/www.psib-psoe.org\/mallorca\/wp-json\/wp\/v2\/media\/26813"}],"wp:attachment":[{"href":"https:\/\/www.psib-psoe.org\/mallorca\/wp-json\/wp\/v2\/media?parent=26812"}],"wp:term":[{"taxonomy":"category","embeddable":true,"href":"https:\/\/www.psib-psoe.org\/mallorca\/wp-json\/wp\/v2\/categories?post=26812"},{"taxonomy":"post_tag","embeddable":true,"href":"https:\/\/www.psib-psoe.org\/mallorca\/wp-json\/wp\/v2\/tags?post=26812"}],"curies":[{"name":"wp","href":"https:\/\/api.w.org\/{rel}","templated":true}]}}