{"id":26841,"date":"2022-05-29T16:33:43","date_gmt":"2022-05-29T14:33:43","guid":{"rendered":"http:\/\/www.psib-psoe.org\/mallorca\/?p=26841"},"modified":"2022-05-29T16:33:43","modified_gmt":"2022-05-29T14:33:43","slug":"catalina-cladera-els-socialistes-hem-de-continua-governant-perque-no-permetrem-que-la-dreta-arribi-a-les-institucions-per-destruir-tot-el-que-hem-aconseguit","status":"publish","type":"post","link":"https:\/\/www.psib-psoe.org\/mallorca\/catalina-cladera-els-socialistes-hem-de-continua-governant-perque-no-permetrem-que-la-dreta-arribi-a-les-institucions-per-destruir-tot-el-que-hem-aconseguit\/","title":{"rendered":"Catalina Cladera: \u201cEls socialistes hem de continua governant perqu\u00e8 no permetrem que la dreta arribi a les institucions per destruir tot el que hem aconseguit\u201d"},"content":{"rendered":"<div class=\"wpb-content-wrapper\">[vc_row][vc_column][vc_single_image image=&#8221;26842&#8243; img_size=&#8221;full&#8221; alignment=&#8221;center&#8221;][\/vc_column][\/vc_row][vc_row][vc_column][vc_column_text]<em><u>Els Socialistes d\u2019Andratx han celebrat un dinar amb motiu del primer any de batlia socialista a l\u2019Ajuntament on han assistit m\u00e9s de 100 persones<\/u><\/em>[\/vc_column_text][\/vc_column][\/vc_row][vc_row][vc_column width=&#8221;1\/2&#8243;][vc_column_text]L\u2019Agrupaci\u00f3 Socialista d\u2019Andratx ha celebrat un dinar amb motiu del primer aniversari de batlia socialista a l\u2019Ajuntament d\u2019Andratx encap\u00e7alada per Toni Mir en el qual hi ha assistit m\u00e9s de 100 militants i simpatitzants del terme municipal d\u2019Andratx, a m\u00e9s de la secret\u00e0ria general de la Federaci\u00f3 Socialista de Mallorca, Catalina Cladera; la secret\u00e0ria d\u2019Organitzaci\u00f3 de l\u2019FMS, Ant\u00f2nia Sastre; el secretari de Coordinaci\u00f3 Territorial, Tolo Aguilar; el secretari de Pol\u00edtica Municipal, Marc L\u00f3pez, i el secretari general de les JSIB, Ares Fern\u00e1ndez.<\/p>\n<p>D\u2019aquesta manera, Cladera ha expressat que \u201c\u00e9s molt importat que els socialistes tornem a governar a les institucions perqu\u00e8 hi ha una dreta, que est\u00e0 blanquejant a la ultradreta, que vol destru\u00eft tot el que hem aconseguit durant aquests anys de govern progressista\u201d, i hi ha afegit que \u201caix\u00f2 no ho podem consentir perqu\u00e8 el Partit Popular no veu cap problema en pactar amb l\u2019extrema dreta que vol fer retrocedir aquesta terra en drets i llibertats\u201d.<\/p>\n<p>La socialista ha incidit que \u201cnom\u00e9s hi ha una recepta possible perqu\u00e8 no passi \u00a0i \u00e9s sortir al carrer com mai per explicar a la gent tot el que hem avan\u00e7at en drets aquests anys i com hem transformat aquesta terra cap a millor\u201d. \u201cHem de fer valer la for\u00e7a socialista i hem d\u2019agafar for\u00e7a per fer feina de valent aquest any i aconseguir m\u00e9s representaci\u00f3 a Andratx a les pr\u00f2ximes eleccions del 2023\u201d, ha dit Cladera.[\/vc_column_text][\/vc_column][vc_column width=&#8221;1\/2&#8243;][vc_column_text]Per la seva banda, el president del PSIB-PSOE Andratx i batle d\u2019Andratx, Antoni Mir, ha agra\u00eft a les m\u00e9s de 100 persones que hi ha assistit a l\u2019acte del primer any de batlia socialista. Mir ha subratllat que \u201cv\u00e0rem dir que seria una legislatura molt complicada i aix\u00ed ha estat perqu\u00e8 hem gestionat una pand\u00e8mia pensant en la gent i donant m\u00e9s ajudes que mai per als comer\u00e7os i la gent d\u2019Andratx\u201d.<\/p>\n<p>\u201cHem de fer molta feina per millorar els resultats electorals\u201d, ha dit Mir qui ha posat en valor que \u201cla pand\u00e8mia no ha deixat de banda els projectes m\u00e9s importants que v\u00e0rem prometre als andritxols: tindrem resid\u00e8ncia a Andratx, tenim rotonda, tindrem les noves normes subsidi\u00e0ries i tindrem m\u00e9s aparcament al nostre terme municipal\u201d.<\/p>\n<p>Tamb\u00e9, el secretari general dels socialistes d\u2019Andratx, Toni Bordoy, ha expressat que \u201cel Partit Popular fa 3 anys que \u00a0diu que \u2018els socialistes no sabem governar\u2019, quan ells, despr\u00e9s de 8 anys, varen deixar l\u2019Ajuntament ple doblers sense invertir\u201d, i hi ha afegit que \u201cnosaltres hem invertit aquests doblers en la ciutadania d\u2019Andratx per tenir millors serveis socials i m\u00e9s i millors infraestructures\u201d. \u201cEls doblers han d\u2019anar per la gent del nostre municipi\u201d, ha incidit.[\/vc_column_text][\/vc_column][\/vc_row]\n<\/div>","protected":false},"excerpt":{"rendered":"<p>[vc_row][vc_column][vc_single_image image=&#8221;26842&#8243; img_size=&#8221;full&#8221; alignment=&#8221;center&#8221;][\/vc_column][\/vc_row][vc_row][vc_column][vc_column_text]Els Socialistes d\u2019Andratx han celebrat un dinar amb motiu del primer any de batlia socialista a l\u2019Ajuntament on han assistit m\u00e9s de 100 persones[\/vc_column_text][\/vc_column][\/vc_row][vc_row][vc_column width=&#8221;1\/2&#8243;][vc_column_text]L\u2019Agrupaci\u00f3 Socialista d\u2019Andratx ha celebrat un dinar amb motiu del primer aniversari de batlia socialista a l\u2019Ajuntament d\u2019Andratx encap\u00e7alada per Toni Mir en el qual hi ha assistit&hellip;<\/p>\n","protected":false},"author":4,"featured_media":26842,"comment_status":"open","ping_status":"open","sticky":false,"template":"","format":"standard","meta":{"footnotes":""},"categories":[2,90,92],"tags":[],"class_list":["post-26841","post","type-post","status-publish","format-standard","has-post-thumbnail","hentry","category-federacio-de-mallorca","category-municipis","category-portada"],"_links":{"self":[{"href":"https:\/\/www.psib-psoe.org\/mallorca\/wp-json\/wp\/v2\/posts\/26841"}],"collection":[{"href":"https:\/\/www.psib-psoe.org\/mallorca\/wp-json\/wp\/v2\/posts"}],"about":[{"href":"https:\/\/www.psib-psoe.org\/mallorca\/wp-json\/wp\/v2\/types\/post"}],"author":[{"embeddable":true,"href":"https:\/\/www.psib-psoe.org\/mallorca\/wp-json\/wp\/v2\/users\/4"}],"replies":[{"embeddable":true,"href":"https:\/\/www.psib-psoe.org\/mallorca\/wp-json\/wp\/v2\/comments?post=26841"}],"version-history":[{"count":0,"href":"https:\/\/www.psib-psoe.org\/mallorca\/wp-json\/wp\/v2\/posts\/26841\/revisions"}],"wp:featuredmedia":[{"embeddable":true,"href":"https:\/\/www.psib-psoe.org\/mallorca\/wp-json\/wp\/v2\/media\/26842"}],"wp:attachment":[{"href":"https:\/\/www.psib-psoe.org\/mallorca\/wp-json\/wp\/v2\/media?parent=26841"}],"wp:term":[{"taxonomy":"category","embeddable":true,"href":"https:\/\/www.psib-psoe.org\/mallorca\/wp-json\/wp\/v2\/categories?post=26841"},{"taxonomy":"post_tag","embeddable":true,"href":"https:\/\/www.psib-psoe.org\/mallorca\/wp-json\/wp\/v2\/tags?post=26841"}],"curies":[{"name":"wp","href":"https:\/\/api.w.org\/{rel}","templated":true}]}}