{"id":26848,"date":"2022-06-01T15:03:10","date_gmt":"2022-06-01T13:03:10","guid":{"rendered":"http:\/\/www.psib-psoe.org\/mallorca\/?p=26848"},"modified":"2022-06-01T15:03:10","modified_gmt":"2022-06-01T13:03:10","slug":"barbara-rebassa-ha-estat-un-honor-ser-la-batlessa-dalcudia-durant-aquests-darrers-tres-anys","status":"publish","type":"post","link":"https:\/\/www.psib-psoe.org\/mallorca\/barbara-rebassa-ha-estat-un-honor-ser-la-batlessa-dalcudia-durant-aquests-darrers-tres-anys\/","title":{"rendered":"B\u00e0rbara Rebassa: \u201cHa estat un honor ser la batlessa d\u2019Alc\u00fadia durant aquests darrers tres anys\u201d"},"content":{"rendered":"<div class=\"wpb-content-wrapper\">[vc_row][vc_column][vc_single_image image=&#8221;26849&#8243; img_size=&#8221;full&#8221; alignment=&#8221;center&#8221;][\/vc_column][\/vc_row][vc_row][vc_column][vc_column_text]<em><u>La batlessa socialista B\u00e0rbara Rebassa ha presentat la seva ren\u00fancia al capdavant de l\u2019Ajuntament d\u2019Alc\u00fadia complint amb el pacte signat a l\u2019inici de legislatura<\/u><\/em>[\/vc_column_text][\/vc_column][\/vc_row][vc_row][vc_column width=&#8221;1\/2&#8243;][vc_column_text]La batlessa socialista d\u2019Alc\u00fadia B\u00e0rbara Rebassa, complint amb el pacte signat a l\u2019inici de legislatura, ha presentat al plenari local la seva ren\u00fancia al capdavant de l\u2019Ajuntament. D\u2019aquesta forma, Rebassa deixa el c\u00e0rrec despr\u00e9s de tres anys, per\u00f2 seguir\u00e0 a l\u2019equip de govern com a tinent de batle.<\/p>\n<p>B\u00e0rbara Rebassa ha volgut agrair al PSIB-PSOE la confian\u00e7a que van dipositar amb ella per elegir-la com a candidata \u201cvull donar les gr\u00e0cies al partit socialista per haver-me donat l\u2019oportunitat de poder encap\u00e7alar la llista per, posteriorment, guanyar les eleccions i haver tingut l\u2019oportunitat de ser batlessa d\u2019Alc\u00fadia durant tres anys\u201d.<\/p>\n<p>Rebassa ha comentat que \u201chan estat uns anys complicat a causa de la pand\u00e8mia, per\u00f2 que gr\u00e0cies als governs socialistes al Consell de Mallorca, Govern de les Illes Balears i Govern d\u2019Espanya, la recuperaci\u00f3 d\u2019aquesta crisi ha estat m\u00e9s r\u00e0pida i eficient\u201d.[\/vc_column_text][\/vc_column][vc_column width=&#8221;1\/2&#8243;][vc_column_text]\u201cDes de l\u2019Ajuntament ten\u00edem clar que hav\u00edem d\u2019estar al costat de la gent, per aix\u00f2 vam triplicar les ajudes als serveis socials del municipi. A m\u00e9s, tamb\u00e9 hem prestat ajudes al teixit empresarial d\u2019Alc\u00fadia per ajudar-los a sortir de la crisi\u201d ha afegit B\u00e0rbara Rebassa\u201d<\/p>\n<p>La fins ara batlessa d\u2019Alc\u00fadia, ha concl\u00f2s \u201ctamb\u00e9 vull agrair a tots els regidors i regidores que m\u2019han acompanyat durant aquests tres anys. Gr\u00e0cies especialment a n\u2019en Mart\u00ed, en Biel, n\u2019Ag\u00fci i n\u2019Ant\u00f2nia perqu\u00e8 entre tots ens hem deixat la pell per millorar la vida dels ve\u00efnats i ve\u00efnades d\u2019Alc\u00fadia\u201d.<\/p>\n<p>A la renuncia de B\u00e0rbara Rebassa hi ha estat presents Rafel Oliver, President del PSIB-PSOE, Tolo Aguilar, Secretari de Coordinaci\u00f3 Territorial de l\u2019FSM; Miquel \u00c0ngel Coll, Secretari d\u2019Idees i Programes de l\u2019FSM; Joan Gaspar Vallori, Secretari de Turisme Sostenible de l\u2019FSM i Rosa Maria Bestard, batlessa socialista de Campanet. A m\u00e9s dels regidors socialistes d\u2019Alc\u00fadia Mart\u00ed Garc\u00edas, Aguas Santas Lobos, Gabriel de Hevia i Ant\u00f2nia C\u00e0naves.[\/vc_column_text][\/vc_column][\/vc_row]\n<\/div>","protected":false},"excerpt":{"rendered":"<p>[vc_row][vc_column][vc_single_image image=&#8221;26849&#8243; img_size=&#8221;full&#8221; alignment=&#8221;center&#8221;][\/vc_column][\/vc_row][vc_row][vc_column][vc_column_text]La batlessa socialista B\u00e0rbara Rebassa ha presentat la seva ren\u00fancia al capdavant de l\u2019Ajuntament d\u2019Alc\u00fadia complint amb el pacte signat a l\u2019inici de legislatura[\/vc_column_text][\/vc_column][\/vc_row][vc_row][vc_column width=&#8221;1\/2&#8243;][vc_column_text]La batlessa socialista d\u2019Alc\u00fadia B\u00e0rbara Rebassa, complint amb el pacte signat a l\u2019inici de legislatura, ha presentat al plenari local la seva ren\u00fancia al capdavant de l\u2019Ajuntament. D\u2019aquesta&hellip;<\/p>\n","protected":false},"author":6,"featured_media":26849,"comment_status":"open","ping_status":"open","sticky":false,"template":"","format":"standard","meta":{"footnotes":""},"categories":[90,92],"tags":[348,301,349,350,84,352,308,351],"class_list":["post-26848","post","type-post","status-publish","format-standard","has-post-thumbnail","hentry","category-municipis","category-portada","tag-agrupacio-socialista-dalcudia","tag-alcudia","tag-barbara-rebassa","tag-batlessa","tag-psib-psoe","tag-rafel-oliver","tag-rosa-maria-bestard","tag-tolo-aguilar"],"_links":{"self":[{"href":"https:\/\/www.psib-psoe.org\/mallorca\/wp-json\/wp\/v2\/posts\/26848"}],"collection":[{"href":"https:\/\/www.psib-psoe.org\/mallorca\/wp-json\/wp\/v2\/posts"}],"about":[{"href":"https:\/\/www.psib-psoe.org\/mallorca\/wp-json\/wp\/v2\/types\/post"}],"author":[{"embeddable":true,"href":"https:\/\/www.psib-psoe.org\/mallorca\/wp-json\/wp\/v2\/users\/6"}],"replies":[{"embeddable":true,"href":"https:\/\/www.psib-psoe.org\/mallorca\/wp-json\/wp\/v2\/comments?post=26848"}],"version-history":[{"count":0,"href":"https:\/\/www.psib-psoe.org\/mallorca\/wp-json\/wp\/v2\/posts\/26848\/revisions"}],"wp:featuredmedia":[{"embeddable":true,"href":"https:\/\/www.psib-psoe.org\/mallorca\/wp-json\/wp\/v2\/media\/26849"}],"wp:attachment":[{"href":"https:\/\/www.psib-psoe.org\/mallorca\/wp-json\/wp\/v2\/media?parent=26848"}],"wp:term":[{"taxonomy":"category","embeddable":true,"href":"https:\/\/www.psib-psoe.org\/mallorca\/wp-json\/wp\/v2\/categories?post=26848"},{"taxonomy":"post_tag","embeddable":true,"href":"https:\/\/www.psib-psoe.org\/mallorca\/wp-json\/wp\/v2\/tags?post=26848"}],"curies":[{"name":"wp","href":"https:\/\/api.w.org\/{rel}","templated":true}]}}