{"id":26853,"date":"2022-06-02T11:58:31","date_gmt":"2022-06-02T09:58:31","guid":{"rendered":"http:\/\/www.psib-psoe.org\/mallorca\/?p=26853"},"modified":"2022-06-02T12:02:47","modified_gmt":"2022-06-02T10:02:47","slug":"socialistes-esporles-mocio-millora-mobilitat-municipi-reglament-circulacio-velocitat-30-km-hora","status":"publish","type":"post","link":"https:\/\/www.psib-psoe.org\/mallorca\/socialistes-esporles-mocio-millora-mobilitat-municipi-reglament-circulacio-velocitat-30-km-hora\/","title":{"rendered":"Els Socialistes d\u2019Esporles presenten una moci\u00f3 per millorar la mobilitat dins el municipi i que es compleixi el nou reglament de circulaci\u00f3 que limita la velocitat a 30 km\/hora"},"content":{"rendered":"<div class=\"wpb-content-wrapper\">[vc_row][vc_column][vc_single_image image=&#8221;26854&#8243; img_size=&#8221;full&#8221; alignment=&#8221;center&#8221;][\/vc_column][\/vc_row][vc_row][vc_column][vc_column_text]<em><u>Josep Pol: \u201c\u00e9s necessari prendre mesures per fomentar el compliment de les normes de circulaci\u00f3 i de tenir cura de la seguretat dels vianants\u201d<\/u><\/em>[\/vc_column_text][\/vc_column][\/vc_row][vc_row][vc_column][vc_column_text]\n<div class=\"wpb_column columns small-12 medium-6 thb-dark-column\">\n<div class=\"vc_column-inner \">\n<div class=\"wpb_wrapper\">\n<div class=\"wpb_text_column wpb_content_element \">\n<div class=\"wpb_wrapper\">\n<p>El Grup Municipal Socialista a l\u2019Ajuntament d\u2019Esporles ha presentat una moci\u00f3 al plenari local per millorar la mobilitat dins el municipi. Els socialistes demanen a l\u2019equip de govern que es prenguin mesures per fomentar el compliment del nou Reglament de Circulaci\u00f3 que entr\u00e0 en vigor el 2021 i que limit\u00e0 la velocitat dins el municipi a 30 km\/h.<\/p>\n<p>El portaveu del Grup Socialista a Esporles, Josep Pol, ha declarat que \u201c\u00e9s necessari prendre mesures per fomentar el compliment del reglament en q\u00fcesti\u00f3 i de tenir cura de la seguretat dels vianants\u201d.<\/p>\n<p>Pol ha afegit que \u201ctamb\u00e9 creim que \u00e9s necessari augmentar la seguretat de les vies que donen acc\u00e9s a Son Cabaspre i Es Verger, ja que s\u00f3n camins estrets on passen molts de senderistes, ciclistes, excursionistes, etc. Cal fomentar les activitats socials saludables amb vies segures que evitin accidents o situacions perilloses que es donen freq\u00fcentment\u201d.<\/p>\n<\/div>\n<\/div>\n<\/div>\n<\/div>\n<\/div>\n[\/vc_column_text][vc_column_text]Per tot aix\u00f2, els socialistes d\u2019Esporles han presentat una moci\u00f3 que reclama la instal\u00b7laci\u00f3 de dos r\u00e8tols lluminosos que indiquin la velocitat a la qual se circula a les dues entrades principals del poble: Ma-1120 a l\u2019altura del r\u00e8tol de 30 km\/h i de la Ma-1040 a la recta de l\u2019institut.<\/p>\n<p>A m\u00e9s a m\u00e9s, demanen que s\u2019instal\u00b7lin bandes reductores de velocitat a les zones rectes, on \u00e9s freq\u00fcent l\u2019acceleraci\u00f3 al Cam\u00ed de Son Cabaspre i al Carrer Costa de Son Tries fins als respectius nuclis.[\/vc_column_text][\/vc_column][\/vc_row]\n<\/div>","protected":false},"excerpt":{"rendered":"<p>[vc_row][vc_column][vc_single_image image=&#8221;26854&#8243; img_size=&#8221;full&#8221; alignment=&#8221;center&#8221;][\/vc_column][\/vc_row][vc_row][vc_column][vc_column_text]Josep Pol: \u201c\u00e9s necessari prendre mesures per fomentar el compliment de les normes de circulaci\u00f3 i de tenir cura de la seguretat dels vianants\u201d[\/vc_column_text][\/vc_column][\/vc_row][vc_row][vc_column][vc_column_text] El Grup Municipal Socialista a l\u2019Ajuntament d\u2019Esporles ha presentat una moci\u00f3 al plenari local per millorar la mobilitat dins el municipi. Els socialistes demanen a l\u2019equip de govern&hellip;<\/p>\n","protected":false},"author":3,"featured_media":26854,"comment_status":"open","ping_status":"open","sticky":false,"template":"","format":"standard","meta":{"footnotes":""},"categories":[90],"tags":[240,353],"class_list":["post-26853","post","type-post","status-publish","format-standard","has-post-thumbnail","hentry","category-municipis","tag-esporles","tag-mobilitat"],"_links":{"self":[{"href":"https:\/\/www.psib-psoe.org\/mallorca\/wp-json\/wp\/v2\/posts\/26853"}],"collection":[{"href":"https:\/\/www.psib-psoe.org\/mallorca\/wp-json\/wp\/v2\/posts"}],"about":[{"href":"https:\/\/www.psib-psoe.org\/mallorca\/wp-json\/wp\/v2\/types\/post"}],"author":[{"embeddable":true,"href":"https:\/\/www.psib-psoe.org\/mallorca\/wp-json\/wp\/v2\/users\/3"}],"replies":[{"embeddable":true,"href":"https:\/\/www.psib-psoe.org\/mallorca\/wp-json\/wp\/v2\/comments?post=26853"}],"version-history":[{"count":0,"href":"https:\/\/www.psib-psoe.org\/mallorca\/wp-json\/wp\/v2\/posts\/26853\/revisions"}],"wp:featuredmedia":[{"embeddable":true,"href":"https:\/\/www.psib-psoe.org\/mallorca\/wp-json\/wp\/v2\/media\/26854"}],"wp:attachment":[{"href":"https:\/\/www.psib-psoe.org\/mallorca\/wp-json\/wp\/v2\/media?parent=26853"}],"wp:term":[{"taxonomy":"category","embeddable":true,"href":"https:\/\/www.psib-psoe.org\/mallorca\/wp-json\/wp\/v2\/categories?post=26853"},{"taxonomy":"post_tag","embeddable":true,"href":"https:\/\/www.psib-psoe.org\/mallorca\/wp-json\/wp\/v2\/tags?post=26853"}],"curies":[{"name":"wp","href":"https:\/\/api.w.org\/{rel}","templated":true}]}}