{"id":26858,"date":"2022-06-02T12:33:39","date_gmt":"2022-06-02T10:33:39","guid":{"rendered":"http:\/\/www.psib-psoe.org\/mallorca\/?p=26858"},"modified":"2022-06-02T12:33:39","modified_gmt":"2022-06-02T10:33:39","slug":"socialistes-soller-esmenes-pressuposts-municipals-augmentar-despesa-social-millores-centres-educatius-projectes-inversio","status":"publish","type":"post","link":"https:\/\/www.psib-psoe.org\/mallorca\/socialistes-soller-esmenes-pressuposts-municipals-augmentar-despesa-social-millores-centres-educatius-projectes-inversio\/","title":{"rendered":"Els socialistes de S\u00f3ller presentaran esmenes als pressuposts municipals per augmentar la despesa social, les millores als centres educatius i els projectes d\u2019inversi\u00f3"},"content":{"rendered":"<div class=\"wpb-content-wrapper\">[vc_row][vc_column][vc_single_image image=&#8221;25350&#8243; img_size=&#8221;full&#8221; alignment=&#8221;center&#8221;][\/vc_column][\/vc_row][vc_row][vc_column][vc_column_text]<em><u>Proposen dedicar 300.000 euros a projectes decidits pels ciutadans a trav\u00e9s de processos participatius <\/u><\/em>[\/vc_column_text][\/vc_column][\/vc_row][vc_row][vc_column width=&#8221;1\/2&#8243;][vc_column_text]\n<div class=\"wpb_column columns small-12 medium-6 thb-dark-column\">\n<div class=\"vc_column-inner \">\n<div class=\"wpb_wrapper\">\n<div class=\"wpb_text_column wpb_content_element \">\n<div class=\"wpb_wrapper\">\n<p>Els Socialistes de S\u00f3ller presentaran esmenes als pressupostos aprovats inicialment per l\u2019equip de govern municipal la setmana passada. Uns pressupostos que \u201cs\u00f3n molt negatius per a S\u00f3ller, ja que nom\u00e9s serveixen per augmentar la despesa corrent de cada una de les regidories, sense suposar cap millora per al poble\u201d, tal com ha declarat des del grup municipal.<\/p>\n<p>Aix\u00ed, els Socialistes de S\u00f3ller critiquen que es tracti d\u2019uns comptes \u201cfets nom\u00e9s per mantenir els equilibris a un pacte que cada vegada est\u00e0 m\u00e9s mal avingut, cosa que repercuteix negativament als sollerics i solleriques\u201d.<\/p>\n<p>\u201c\u00c9s molt lamentable que la proposta de pressupostos presentada i aprovada inicialment redueixi les inversions en m\u00e9s d\u2019un 80%, mentre que dedica m\u00e9s d\u2019un mili\u00f3 d\u2019euros per a estudis i treballs\u201d, han posat de relleu.<\/p>\n<p>A m\u00e9s, a m\u00e9s, destaquen que, per contra, les partides per a serveis socials, millores als centres educatius, subvencions als clubs esportius o a les entitats culturals es redueixen o es mantenen sense pr\u00e0cticament cap canvi.<\/p>\n<p>Per tot plegat, des del grup socialista es proposa augmentar les partides de l\u2019\u00e0rea de serveis socials amb la finalitat d\u2019ampliar les ajudes a fam\u00edlies i persones vulnerables, i els ajuts a entitats socials que treballen en l\u2019\u00e0mbit d\u2019acci\u00f3 social.<\/p>\n<\/div>\n<\/div>\n<\/div>\n<\/div>\n<\/div>\n[\/vc_column_text][\/vc_column][vc_column width=&#8221;1\/2&#8243;][vc_column_text]En el cas de les partides destinades a centres educatius, proposen duplicar les quanties dedicades a manteniment dels centres, que en la proposta actual es fixa en un m\u00e0xim de 5.000 euros anuals per centre. \u201cConsideram que \u00e9s possible augmentar aquestes partides per millorar l\u2019estat de conservaci\u00f3 dels centres escolars del nostre municipi\u201d, han declarat els socialistes.<\/p>\n<p>Pel que fa a inversions, es proposa incrementar aquesta partida fins al mili\u00f3 d\u2019euros i que se\u2019n destinin, almenys, 300.000 euros a propostes d\u2019inversi\u00f3 que puguin ser decidides a trav\u00e9s de processos de pressupostos participatius, un mecanisme que permet que la ciutadania pugui decidir directament a quins projectes es poden dedicar les inversions p\u00fabliques del municipi.<\/p>\n<p>Finalment, i pel que fa a la resta de partides, es proposa prioritzar les millores a parcs infantils, la millora de voravies i carrers en mal estat i l\u2019obertura de banys p\u00fablics.<\/p>\n<p>\u201cHem de recordar que, ara mateix, no s\u2019apliquen les regles de contenci\u00f3 de despesa que fixava, abans de la COVID, la normativa estatal i europea, de manera que pensam que \u00e9s l\u2019hora d\u2019invertir en millores llargament demandades per la ciutadania, per resoldre les mancances que presenten S\u00f3ller i el Port a tots els nivells\u201d, ha emfasitzat els socialistes.[\/vc_column_text][\/vc_column][\/vc_row]\n<\/div>","protected":false},"excerpt":{"rendered":"<p>[vc_row][vc_column][vc_single_image image=&#8221;25350&#8243; img_size=&#8221;full&#8221; alignment=&#8221;center&#8221;][\/vc_column][\/vc_row][vc_row][vc_column][vc_column_text]Proposen dedicar 300.000 euros a projectes decidits pels ciutadans a trav\u00e9s de processos participatius [\/vc_column_text][\/vc_column][\/vc_row][vc_row][vc_column width=&#8221;1\/2&#8243;][vc_column_text] Els Socialistes de S\u00f3ller presentaran esmenes als pressupostos aprovats inicialment per l\u2019equip de govern municipal la setmana passada. Uns pressupostos que \u201cs\u00f3n molt negatius per a S\u00f3ller, ja que nom\u00e9s serveixen per augmentar la despesa corrent&hellip;<\/p>\n","protected":false},"author":3,"featured_media":25350,"comment_status":"open","ping_status":"open","sticky":false,"template":"","format":"standard","meta":{"footnotes":""},"categories":[90],"tags":[336,96],"class_list":["post-26858","post","type-post","status-publish","format-standard","has-post-thumbnail","hentry","category-municipis","tag-pressupostos","tag-soller"],"_links":{"self":[{"href":"https:\/\/www.psib-psoe.org\/mallorca\/wp-json\/wp\/v2\/posts\/26858"}],"collection":[{"href":"https:\/\/www.psib-psoe.org\/mallorca\/wp-json\/wp\/v2\/posts"}],"about":[{"href":"https:\/\/www.psib-psoe.org\/mallorca\/wp-json\/wp\/v2\/types\/post"}],"author":[{"embeddable":true,"href":"https:\/\/www.psib-psoe.org\/mallorca\/wp-json\/wp\/v2\/users\/3"}],"replies":[{"embeddable":true,"href":"https:\/\/www.psib-psoe.org\/mallorca\/wp-json\/wp\/v2\/comments?post=26858"}],"version-history":[{"count":0,"href":"https:\/\/www.psib-psoe.org\/mallorca\/wp-json\/wp\/v2\/posts\/26858\/revisions"}],"wp:featuredmedia":[{"embeddable":true,"href":"https:\/\/www.psib-psoe.org\/mallorca\/wp-json\/wp\/v2\/media\/25350"}],"wp:attachment":[{"href":"https:\/\/www.psib-psoe.org\/mallorca\/wp-json\/wp\/v2\/media?parent=26858"}],"wp:term":[{"taxonomy":"category","embeddable":true,"href":"https:\/\/www.psib-psoe.org\/mallorca\/wp-json\/wp\/v2\/categories?post=26858"},{"taxonomy":"post_tag","embeddable":true,"href":"https:\/\/www.psib-psoe.org\/mallorca\/wp-json\/wp\/v2\/tags?post=26858"}],"curies":[{"name":"wp","href":"https:\/\/api.w.org\/{rel}","templated":true}]}}