{"id":26869,"date":"2022-06-05T10:30:36","date_gmt":"2022-06-05T08:30:36","guid":{"rendered":"http:\/\/www.psib-psoe.org\/mallorca\/?p=26869"},"modified":"2022-06-05T10:35:45","modified_gmt":"2022-06-05T08:35:45","slug":"socialistes-calvia-festa-de-la-rosa","status":"publish","type":"post","link":"https:\/\/www.psib-psoe.org\/mallorca\/socialistes-calvia-festa-de-la-rosa\/","title":{"rendered":"Els Socialistes de Calvi\u00e0 celebren la Festa de la Rosa, amb m\u00e9s de 300 persones, per renovar la il\u00b7lusi\u00f3 de continuar transformant Calvi\u00e0, Mallorca i Balears cap a millor"},"content":{"rendered":"<div class=\"wpb-content-wrapper\">[vc_row][vc_column][vc_single_image image=&#8221;26870&#8243; img_size=&#8221;full&#8221; alignment=&#8221;center&#8221;][\/vc_column][\/vc_row][vc_row][vc_column][vc_column_text]<em><u>Catalina Cladera: \u201cFa 7 anys que governam a Calvi\u00e0 i a Balears donant suport a qui m\u00e9s ho ha necessitat sempre; els socialistes tenim el millor projecte i hem de sortir a guanyar Calvi\u00e0, Mallorca i Balears el 2023\u201d<\/u><\/em>[\/vc_column_text][\/vc_column][\/vc_row][vc_row][vc_column width=&#8221;1\/2&#8243;][vc_column_text]Els Socialistes de Calvi\u00e0 han celebrat aquest dissabte una nova edici\u00f3 de la tradicional Festa de la Rosa on han reunit a m\u00e9s de 300 persones per renovar la il\u00b7lusi\u00f3 i l\u2019esperan\u00e7a de continuar transformant Calvi\u00e0, Mallorca i les Illes Balears cap a millor. Els socialistes han recuperat aquesta festa despr\u00e9s de dos anys sense poder-la fet a causa de la pand\u00e8mia sanit\u00e0ria de la COVID-19.<\/p>\n<p>D\u2019aquesta manera, a la Festa hi ha assistit nombrosos dirigents socialistes com la secret\u00e0ria general de la Federaci\u00f3 Socialista de Mallorca, Catalina Cladera, i el portaveu del PSIB-PSOE i secretari general de l\u2019Agrupaci\u00f3 Socialista de Calvi\u00e0, Alfonso Rodr\u00edguez, que no han deixat perdre l\u2019oportunitat per recordar com els socialistes han millorat la vida de la gent de les illes durant aquests 7 anys.<\/p>\n<p>Cladera ha expressat que \u201cla rosa socialista \u00e9s just\u00edcia social, honestedat, \u00e9s el valor de la feina, \u00e9s la igualtat i aix\u00f2 ens ha d\u2019omplir d\u2019orgull i de raons per seguir endavant pel b\u00e9 d\u2019aquesta terra\u201d, i hi ha afegit que \u201cara fa 7 anys que governam a Calvi\u00e0, a les Illes Balears i en coalici\u00f3 a Mallorca i hem enfortit els serveis p\u00fablics i donat suport a qui m\u00e9s ho ha necessitat sempre\u201d.<\/p>\n<p>Aix\u00ed, la socialista ha incidit que \u201cels socialistes de Mallorca sortim a guanyar per aturar la dreta i la ultradreta perqu\u00e8 junts som imparables i perqu\u00e8 tenim un partit fort i unit\u201d. \u201cTenim la millor gent i tenim el millor projecte, per aix\u00f2 sortim a guanyar i sortir a inundar Calvi\u00e0, Mallorca i Balears de roses vermelles com ja v\u00e0rem fer el 2015, el 2019 i, tamb\u00e9, el 2023\u201d, ha subratllat la socialista.<\/p>\n<p>Per la seva banda, Rodr\u00edguez ha agra\u00eft a la milit\u00e0ncia la seva pres\u00e8ncia a la Festa de la Rosa perqu\u00e8 \u201ctornar a tenir un \u00e8xit de convocat\u00f2ria amb m\u00e9s de 300 persones en aquest sopar on ja v\u00e0rem penjar el cartell d\u2019aforament complet la setmana passada\u201d. \u201cCelebram la nostra festa com a socialistes molt satisfets per la feina feta durant aquesta crisi tan dura perqu\u00e8 no hem deixat ning\u00fa enrere\u201d, ha afirmat el socialista.[\/vc_column_text][\/vc_column][vc_column width=&#8221;1\/2&#8243;][vc_column_text]\u201cHem posat en marxa un escut social mai vist en la hist\u00f2ria i ara veim els seus fruits: una reactivaci\u00f3 econ\u00f2mica que ja gaudim a Calvi\u00e0, amb un municipi amb menys atur que mai i amb millor qualitat en l\u2019ocupaci\u00f3 que abans\u201d, ha expressat el socialista qui ha aprofitat per dir que \u201cvolem continuar transformant Calvi\u00e0 amb il\u00b7lusi\u00f3, amb unitat i amb confian\u00e7a per millorar la vida de tots els calvianers i calvianeres\u201d.<\/p>\n<p>A m\u00e9s a m\u00e9s, el socialista ha aprofitat per dir que &#8220;el nou Partit Popular de sempre no s&#8217;alegra de res que sigui bo per a tots i totes, ni\u00a0tan sols\u00a0de les extraordin\u00e0ries xifres d&#8217;ocupaci\u00f3 que, per a criticar-les, arremet amb la figura dels fixos discontinus&#8221;, i hi ha afegit que &#8220;id\u00f2 no, senyor\u00a0Feijo\u00f3, a Calvi\u00e0 sabem molt b\u00e9 que no \u00e9s\u00a0el mateix\u00a0ser\u00a0fix\u00a0discontinu que tenir un contracte temporal precari, ni molt\u00a0manco!&#8221;.<\/p>\n<p>Finalment, Rodr\u00edguez ha expressat que &#8220;seguim bolcats en la tasca de Calvi\u00e0, del seu present i el seu futur i volem continuar transformant Calvi\u00e0 m\u00e9s enll\u00e0 de 2023\u201d. \u201cEns sentim impulsats per la for\u00e7a de la nostra milit\u00e0ncia, de tant\u00edssimes persones que esperen que continuem treballant amb tot l&#8217;esfor\u00e7 possible per i per a Calvi\u00e0, els\u00a0calvianers\u00a0i\u00a0calvianeres perqu\u00e8 Calvi\u00e0 ho mereix&#8221;, ha concl\u00f2s.[\/vc_column_text][\/vc_column][\/vc_row]\n<\/div>","protected":false},"excerpt":{"rendered":"<p>[vc_row][vc_column][vc_single_image image=&#8221;26870&#8243; img_size=&#8221;full&#8221; alignment=&#8221;center&#8221;][\/vc_column][\/vc_row][vc_row][vc_column][vc_column_text]Catalina Cladera: \u201cFa 7 anys que governam a Calvi\u00e0 i a Balears donant suport a qui m\u00e9s ho ha necessitat sempre; els socialistes tenim el millor projecte i hem de sortir a guanyar Calvi\u00e0, Mallorca i Balears el 2023\u201d[\/vc_column_text][\/vc_column][\/vc_row][vc_row][vc_column width=&#8221;1\/2&#8243;][vc_column_text]Els Socialistes de Calvi\u00e0 han celebrat aquest dissabte una nova edici\u00f3 de la&hellip;<\/p>\n","protected":false},"author":4,"featured_media":26870,"comment_status":"open","ping_status":"open","sticky":false,"template":"","format":"standard","meta":{"footnotes":""},"categories":[2,90,92],"tags":[],"class_list":["post-26869","post","type-post","status-publish","format-standard","has-post-thumbnail","hentry","category-federacio-de-mallorca","category-municipis","category-portada"],"_links":{"self":[{"href":"https:\/\/www.psib-psoe.org\/mallorca\/wp-json\/wp\/v2\/posts\/26869"}],"collection":[{"href":"https:\/\/www.psib-psoe.org\/mallorca\/wp-json\/wp\/v2\/posts"}],"about":[{"href":"https:\/\/www.psib-psoe.org\/mallorca\/wp-json\/wp\/v2\/types\/post"}],"author":[{"embeddable":true,"href":"https:\/\/www.psib-psoe.org\/mallorca\/wp-json\/wp\/v2\/users\/4"}],"replies":[{"embeddable":true,"href":"https:\/\/www.psib-psoe.org\/mallorca\/wp-json\/wp\/v2\/comments?post=26869"}],"version-history":[{"count":0,"href":"https:\/\/www.psib-psoe.org\/mallorca\/wp-json\/wp\/v2\/posts\/26869\/revisions"}],"wp:featuredmedia":[{"embeddable":true,"href":"https:\/\/www.psib-psoe.org\/mallorca\/wp-json\/wp\/v2\/media\/26870"}],"wp:attachment":[{"href":"https:\/\/www.psib-psoe.org\/mallorca\/wp-json\/wp\/v2\/media?parent=26869"}],"wp:term":[{"taxonomy":"category","embeddable":true,"href":"https:\/\/www.psib-psoe.org\/mallorca\/wp-json\/wp\/v2\/categories?post=26869"},{"taxonomy":"post_tag","embeddable":true,"href":"https:\/\/www.psib-psoe.org\/mallorca\/wp-json\/wp\/v2\/tags?post=26869"}],"curies":[{"name":"wp","href":"https:\/\/api.w.org\/{rel}","templated":true}]}}